{"id":884,"date":"2022-07-22T18:13:35","date_gmt":"2022-07-22T21:13:35","guid":{"rendered":"https:\/\/porthosinternational.com.br\/blog\/?p=884"},"modified":"2022-07-28T14:52:31","modified_gmt":"2022-07-28T17:52:31","slug":"transporte-aereo","status":"publish","type":"post","link":"https:\/\/porthosinternational.com.br\/blog\/transporte-aereo\/","title":{"rendered":"Transporte A\u00e9reo"},"content":{"rendered":"<p style=\"text-align: justify;\">O transporte a\u00e9reo faz parte de um processo importante no setor de log\u00edstica, seja para carregar mat\u00e9ria prima, para confec\u00e7\u00e3o de produtos ou entregas de mercadorias em seu destino.<\/p>\n<p style=\"text-align: justify;\">Diante da extens\u00e3o territorial do Brasil, o transporte a\u00e9reo \u00e9, por vezes, o \u00fanico meio de acesso em determinados locais.<\/p>\n<p style=\"text-align: justify;\">Pela redu\u00e7\u00e3o de dist\u00e2ncia entre espa\u00e7o e tempo que promove, o<a href=\"https:\/\/www.prestex.com.br\/blog\/tendencias-no-transporte-aereo-no-brasil\/\"> transporte a\u00e9reo<\/a> de cargas vem crescendo na prefer\u00eancia das empresas de todos os setores e portes, visto que os benef\u00edcios s\u00e3o muito atraentes para a renda dos neg\u00f3cios.<\/p>\n<p style=\"text-align: justify;\">Segundo a Ag\u00eancia Nacional de Avia\u00e7\u00e3o <a href=\"https:\/\/www.gov.br\/anac\/pt-br\">(ANAC)<\/a> em seu Relat\u00f3rio de Demanda e Oferta, o transporte de carga a\u00e9rea teve um crescimento em janeiro deste ano em rela\u00e7\u00e3o a janeiro de 2021. De fato, foram transportados mais de 30 mil toneladas de cargas, um aumento de 7,1%.<\/p>\n<p style=\"text-align: justify;\">Tamb\u00e9m no mercado internacional ocorreu um aumento significativo, com quase 76 mil toneladas de cargas transportadas. O que representa um aumento de 14,2% em rela\u00e7\u00e3o ao mesmo per\u00edodo de 2021, sendo o maior volume registrado desde o in\u00edcio da s\u00e9rie hist\u00f3rica, em 2000.<\/p>\n<p style=\"text-align: justify;\">Isso aconteceu, principalmente, em virtude da eleva\u00e7\u00e3o na incid\u00eancia das rela\u00e7\u00f5es financeiras entre pa\u00edses, pela moderniza\u00e7\u00e3o e tecnologia que o transporte a\u00e9reo vem expressado.<\/p>\n<p style=\"text-align: justify;\"><strong>Transporte a\u00e9reo de carga<\/strong><\/p>\n<p style=\"text-align: justify;\">O<a href=\"https:\/\/porthosinternational.com.br\/blog\/certificacao-porthos-iata\/\"> transporte a\u00e9reo<\/a> de cargas tem se tornado uma alta op\u00e7\u00e3o de transporte, por fornecer agilidade, redu\u00e7\u00e3o de custos com embalagens e estoque e principalmente seguran\u00e7a para as cargas, estabelecendo fiscaliza\u00e7\u00e3o e cuidados espec\u00edficos no manuseio. Uma delas \u00e9 a etiquetagem. Toda carga\/mercadoria transportada via a\u00e9rea, deve estar rigidamente identificada com o Remetente\/Destinat\u00e1rio\/Destino, e possuir os avisos de especificidades nas etiquetas.<\/p>\n<p style=\"text-align: justify;\">Isso \u00e9 necess\u00e1rio para evitar ao m\u00e1ximo a possibilidade de extravios e viola\u00e7\u00f5es de embalagens.<\/p>\n<p style=\"text-align: justify;\"><strong>Transporte a\u00e9reo no Brasil<\/strong><b><\/b><\/p>\n<p style=\"text-align: justify;\">O transporte a\u00e9reo <a href=\"https:\/\/porthosinternational.com.br\/blog\/brasil-exporta-us-700-milhoes-de-dolares-no-1-trimestre-de-2022-para-a-indonesia\/\">brasileiro<\/a> \u00e9 um dos mais eficientes modais do cen\u00e1rio. J\u00e1 que o Brasil \u00e9 considerado um pa\u00eds com dimens\u00f5es continentais e com diferen\u00e7as regionais industriais consider\u00e1veis. A ind\u00fastria a\u00e9rea tamb\u00e9m permite a conex\u00e3o da ind\u00fastria nacional com o<\/p>\n<p style=\"text-align: justify;\">resto do mundo, para expandir a atua\u00e7\u00e3o do com\u00e9rcio exterior no Brasil.<\/p>\n<p style=\"text-align: justify;\">As expectativas do transporte a\u00e9reo no Brasil seguem otimistas, tal como se mantinham no in\u00edcio do ano.<\/p>\n","protected":false},"excerpt":{"rendered":"<p>O transporte a\u00e9reo faz parte de um processo importante no setor de log\u00edstica, seja para carregar mat\u00e9ria prima, para confec\u00e7\u00e3o de produtos ou entregas de mercadorias em seu destino. Diante da extens\u00e3o territorial do Brasil, o transporte a\u00e9reo \u00e9, por vezes, o \u00fanico meio de acesso em determinados locais. Pela redu\u00e7\u00e3o de dist\u00e2ncia entre espa\u00e7o [&#8230;]\n","protected":false},"author":1,"featured_media":885,"comment_status":"open","ping_status":"open","sticky":false,"template":"","format":"standard","meta":{"footnotes":""},"categories":[124],"tags":[72,102,135,84,188],"class_list":["post-884","post","type-post","status-publish","format-standard","has-post-thumbnail","hentry","category-blog","tag-cargas","tag-exportacao","tag-logistica","tag-transporte","tag-transporte-aereo"],"yoast_head":"<!-- This site is optimized with the Yoast SEO plugin v26.7 - https:\/\/yoast.com\/wordpress\/plugins\/seo\/ -->\n<title>Transporte A\u00e9reo - Porthos International<\/title>\n<meta name=\"description\" content=\"Pela redu\u00e7\u00e3o de dist\u00e2ncia entre espa\u00e7o e tempo que promove, o transporte a\u00e9reo de cargas vem crescendo na prefer\u00eancia das empresas\" \/>\n<meta name=\"robots\" content=\"index, follow, max-snippet:-1, max-image-preview:large, max-video-preview:-1\" \/>\n<link rel=\"canonical\" href=\"https:\/\/porthosinternational.com.br\/blog\/transporte-aereo\/\" \/>\n<meta property=\"og:locale\" content=\"pt_BR\" \/>\n<meta property=\"og:type\" content=\"article\" \/>\n<meta property=\"og:title\" content=\"Transporte A\u00e9reo - Porthos International\" \/>\n<meta property=\"og:description\" content=\"Pela redu\u00e7\u00e3o de dist\u00e2ncia entre espa\u00e7o e tempo que promove, o transporte a\u00e9reo de cargas vem crescendo na prefer\u00eancia das empresas\" \/>\n<meta property=\"og:url\" content=\"https:\/\/porthosinternational.com.br\/blog\/transporte-aereo\/\" \/>\n<meta property=\"og:site_name\" content=\"Porthos International\" \/>\n<meta property=\"article:publisher\" content=\"https:\/\/www.facebook.com\/porthosint\" \/>\n<meta property=\"article:published_time\" content=\"2022-07-22T21:13:35+00:00\" \/>\n<meta property=\"article:modified_time\" content=\"2022-07-28T17:52:31+00:00\" \/>\n<meta property=\"og:image\" content=\"https:\/\/porthosinternational.com.br\/blog\/wp-content\/uploads\/2022\/07\/Capa_do_transporte_aereo_Porthos-1.jpg\" \/>\n\t<meta property=\"og:image:width\" content=\"1400\" \/>\n\t<meta property=\"og:image:height\" content=\"761\" \/>\n\t<meta property=\"og:image:type\" content=\"image\/jpeg\" \/>\n<meta name=\"author\" content=\"admin\" \/>\n<meta name=\"twitter:card\" content=\"summary_large_image\" \/>\n<meta name=\"twitter:label1\" content=\"Escrito por\" \/>\n\t<meta name=\"twitter:data1\" content=\"admin\" \/>\n\t<meta name=\"twitter:label2\" content=\"Est. tempo de leitura\" \/>\n\t<meta name=\"twitter:data2\" content=\"2 minutos\" \/>\n<script type=\"application\/ld+json\" class=\"yoast-schema-graph\">{\"@context\":\"https:\/\/schema.org\",\"@graph\":[{\"@type\":\"Article\",\"@id\":\"https:\/\/porthosinternational.com.br\/blog\/transporte-aereo\/#article\",\"isPartOf\":{\"@id\":\"https:\/\/porthosinternational.com.br\/blog\/transporte-aereo\/\"},\"author\":{\"name\":\"admin\",\"@id\":\"https:\/\/porthosinternational.com.br\/blog\/#\/schema\/person\/69a0d71e64cd7cfa58e8c598f5202830\"},\"headline\":\"Transporte A\u00e9reo\",\"datePublished\":\"2022-07-22T21:13:35+00:00\",\"dateModified\":\"2022-07-28T17:52:31+00:00\",\"mainEntityOfPage\":{\"@id\":\"https:\/\/porthosinternational.com.br\/blog\/transporte-aereo\/\"},\"wordCount\":409,\"commentCount\":0,\"publisher\":{\"@id\":\"https:\/\/porthosinternational.com.br\/blog\/#organization\"},\"image\":{\"@id\":\"https:\/\/porthosinternational.com.br\/blog\/transporte-aereo\/#primaryimage\"},\"thumbnailUrl\":\"https:\/\/porthosinternational.com.br\/blog\/wp-content\/uploads\/2022\/07\/Capa_do_transporte_aereo_Porthos-1.jpg\",\"keywords\":[\"Cargas\",\"exporta\u00e7\u00e3o\",\"log\u00edstica\",\"transporte\",\"transporte aereo\"],\"articleSection\":[\"Blog\"],\"inLanguage\":\"pt-BR\",\"potentialAction\":[{\"@type\":\"CommentAction\",\"name\":\"Comment\",\"target\":[\"https:\/\/porthosinternational.com.br\/blog\/transporte-aereo\/#respond\"]}]},{\"@type\":\"WebPage\",\"@id\":\"https:\/\/porthosinternational.com.br\/blog\/transporte-aereo\/\",\"url\":\"https:\/\/porthosinternational.com.br\/blog\/transporte-aereo\/\",\"name\":\"Transporte A\u00e9reo - Porthos International\",\"isPartOf\":{\"@id\":\"https:\/\/porthosinternational.com.br\/blog\/#website\"},\"primaryImageOfPage\":{\"@id\":\"https:\/\/porthosinternational.com.br\/blog\/transporte-aereo\/#primaryimage\"},\"image\":{\"@id\":\"https:\/\/porthosinternational.com.br\/blog\/transporte-aereo\/#primaryimage\"},\"thumbnailUrl\":\"https:\/\/porthosinternational.com.br\/blog\/wp-content\/uploads\/2022\/07\/Capa_do_transporte_aereo_Porthos-1.jpg\",\"datePublished\":\"2022-07-22T21:13:35+00:00\",\"dateModified\":\"2022-07-28T17:52:31+00:00\",\"description\":\"Pela redu\u00e7\u00e3o de dist\u00e2ncia entre espa\u00e7o e tempo que promove, o transporte a\u00e9reo de cargas vem crescendo na prefer\u00eancia das empresas\",\"breadcrumb\":{\"@id\":\"https:\/\/porthosinternational.com.br\/blog\/transporte-aereo\/#breadcrumb\"},\"inLanguage\":\"pt-BR\",\"potentialAction\":[{\"@type\":\"ReadAction\",\"target\":[\"https:\/\/porthosinternational.com.br\/blog\/transporte-aereo\/\"]}]},{\"@type\":\"ImageObject\",\"inLanguage\":\"pt-BR\",\"@id\":\"https:\/\/porthosinternational.com.br\/blog\/transporte-aereo\/#primaryimage\",\"url\":\"https:\/\/porthosinternational.com.br\/blog\/wp-content\/uploads\/2022\/07\/Capa_do_transporte_aereo_Porthos-1.jpg\",\"contentUrl\":\"https:\/\/porthosinternational.com.br\/blog\/wp-content\/uploads\/2022\/07\/Capa_do_transporte_aereo_Porthos-1.jpg\",\"width\":1400,\"height\":761,\"caption\":\"Transporte A\u00e9reo\"},{\"@type\":\"BreadcrumbList\",\"@id\":\"https:\/\/porthosinternational.com.br\/blog\/transporte-aereo\/#breadcrumb\",\"itemListElement\":[{\"@type\":\"ListItem\",\"position\":1,\"name\":\"In\u00edcio\",\"item\":\"https:\/\/porthosinternational.com.br\/blog\/\"},{\"@type\":\"ListItem\",\"position\":2,\"name\":\"Transporte A\u00e9reo\"}]},{\"@type\":\"WebSite\",\"@id\":\"https:\/\/porthosinternational.com.br\/blog\/#website\",\"url\":\"https:\/\/porthosinternational.com.br\/blog\/\",\"name\":\"Porthos International\",\"description\":\"Presen\u00e7a Global\",\"publisher\":{\"@id\":\"https:\/\/porthosinternational.com.br\/blog\/#organization\"},\"potentialAction\":[{\"@type\":\"SearchAction\",\"target\":{\"@type\":\"EntryPoint\",\"urlTemplate\":\"https:\/\/porthosinternational.com.br\/blog\/?s={search_term_string}\"},\"query-input\":{\"@type\":\"PropertyValueSpecification\",\"valueRequired\":true,\"valueName\":\"search_term_string\"}}],\"inLanguage\":\"pt-BR\"},{\"@type\":\"Organization\",\"@id\":\"https:\/\/porthosinternational.com.br\/blog\/#organization\",\"name\":\"Porthos International\",\"url\":\"https:\/\/porthosinternational.com.br\/blog\/\",\"logo\":{\"@type\":\"ImageObject\",\"inLanguage\":\"pt-BR\",\"@id\":\"https:\/\/porthosinternational.com.br\/blog\/#\/schema\/logo\/image\/\",\"url\":\"https:\/\/porthosinternational.com.br\/blog\/wp-content\/uploads\/2020\/09\/logo.png\",\"contentUrl\":\"https:\/\/porthosinternational.com.br\/blog\/wp-content\/uploads\/2020\/09\/logo.png\",\"width\":1599,\"height\":603,\"caption\":\"Porthos International\"},\"image\":{\"@id\":\"https:\/\/porthosinternational.com.br\/blog\/#\/schema\/logo\/image\/\"},\"sameAs\":[\"https:\/\/www.facebook.com\/porthosint\",\"https:\/\/www.instagram.com\/porthosinternational\/\",\"https:\/\/www.linkedin.com\/in\/porthos-international-86511314a\/?originalSubdomain=br\"]},{\"@type\":\"Person\",\"@id\":\"https:\/\/porthosinternational.com.br\/blog\/#\/schema\/person\/69a0d71e64cd7cfa58e8c598f5202830\",\"name\":\"admin\",\"image\":{\"@type\":\"ImageObject\",\"inLanguage\":\"pt-BR\",\"@id\":\"https:\/\/porthosinternational.com.br\/blog\/#\/schema\/person\/image\/\",\"url\":\"https:\/\/secure.gravatar.com\/avatar\/e0195fd606268b086df58e69a257b907554e5171ec20358554a73eaf438754be?s=96&d=mm&r=g\",\"contentUrl\":\"https:\/\/secure.gravatar.com\/avatar\/e0195fd606268b086df58e69a257b907554e5171ec20358554a73eaf438754be?s=96&d=mm&r=g\",\"caption\":\"admin\"},\"sameAs\":[\"https:\/\/porthosinternational.com.br\/blog\"]}]}<\/script>\n<!-- \/ Yoast SEO plugin. -->","yoast_head_json":{"title":"Transporte A\u00e9reo - Porthos International","description":"Pela redu\u00e7\u00e3o de dist\u00e2ncia entre espa\u00e7o e tempo que promove, o transporte a\u00e9reo de cargas vem crescendo na prefer\u00eancia das empresas","robots":{"index":"index","follow":"follow","max-snippet":"max-snippet:-1","max-image-preview":"max-image-preview:large","max-video-preview":"max-video-preview:-1"},"canonical":"https:\/\/porthosinternational.com.br\/blog\/transporte-aereo\/","og_locale":"pt_BR","og_type":"article","og_title":"Transporte A\u00e9reo - Porthos International","og_description":"Pela redu\u00e7\u00e3o de dist\u00e2ncia entre espa\u00e7o e tempo que promove, o transporte a\u00e9reo de cargas vem crescendo na prefer\u00eancia das empresas","og_url":"https:\/\/porthosinternational.com.br\/blog\/transporte-aereo\/","og_site_name":"Porthos International","article_publisher":"https:\/\/www.facebook.com\/porthosint","article_published_time":"2022-07-22T21:13:35+00:00","article_modified_time":"2022-07-28T17:52:31+00:00","og_image":[{"width":1400,"height":761,"url":"https:\/\/porthosinternational.com.br\/blog\/wp-content\/uploads\/2022\/07\/Capa_do_transporte_aereo_Porthos-1.jpg","type":"image\/jpeg"}],"author":"admin","twitter_card":"summary_large_image","twitter_misc":{"Escrito por":"admin","Est. tempo de leitura":"2 minutos"},"schema":{"@context":"https:\/\/schema.org","@graph":[{"@type":"Article","@id":"https:\/\/porthosinternational.com.br\/blog\/transporte-aereo\/#article","isPartOf":{"@id":"https:\/\/porthosinternational.com.br\/blog\/transporte-aereo\/"},"author":{"name":"admin","@id":"https:\/\/porthosinternational.com.br\/blog\/#\/schema\/person\/69a0d71e64cd7cfa58e8c598f5202830"},"headline":"Transporte A\u00e9reo","datePublished":"2022-07-22T21:13:35+00:00","dateModified":"2022-07-28T17:52:31+00:00","mainEntityOfPage":{"@id":"https:\/\/porthosinternational.com.br\/blog\/transporte-aereo\/"},"wordCount":409,"commentCount":0,"publisher":{"@id":"https:\/\/porthosinternational.com.br\/blog\/#organization"},"image":{"@id":"https:\/\/porthosinternational.com.br\/blog\/transporte-aereo\/#primaryimage"},"thumbnailUrl":"https:\/\/porthosinternational.com.br\/blog\/wp-content\/uploads\/2022\/07\/Capa_do_transporte_aereo_Porthos-1.jpg","keywords":["Cargas","exporta\u00e7\u00e3o","log\u00edstica","transporte","transporte aereo"],"articleSection":["Blog"],"inLanguage":"pt-BR","potentialAction":[{"@type":"CommentAction","name":"Comment","target":["https:\/\/porthosinternational.com.br\/blog\/transporte-aereo\/#respond"]}]},{"@type":"WebPage","@id":"https:\/\/porthosinternational.com.br\/blog\/transporte-aereo\/","url":"https:\/\/porthosinternational.com.br\/blog\/transporte-aereo\/","name":"Transporte A\u00e9reo - Porthos International","isPartOf":{"@id":"https:\/\/porthosinternational.com.br\/blog\/#website"},"primaryImageOfPage":{"@id":"https:\/\/porthosinternational.com.br\/blog\/transporte-aereo\/#primaryimage"},"image":{"@id":"https:\/\/porthosinternational.com.br\/blog\/transporte-aereo\/#primaryimage"},"thumbnailUrl":"https:\/\/porthosinternational.com.br\/blog\/wp-content\/uploads\/2022\/07\/Capa_do_transporte_aereo_Porthos-1.jpg","datePublished":"2022-07-22T21:13:35+00:00","dateModified":"2022-07-28T17:52:31+00:00","description":"Pela redu\u00e7\u00e3o de dist\u00e2ncia entre espa\u00e7o e tempo que promove, o transporte a\u00e9reo de cargas vem crescendo na prefer\u00eancia das empresas","breadcrumb":{"@id":"https:\/\/porthosinternational.com.br\/blog\/transporte-aereo\/#breadcrumb"},"inLanguage":"pt-BR","potentialAction":[{"@type":"ReadAction","target":["https:\/\/porthosinternational.com.br\/blog\/transporte-aereo\/"]}]},{"@type":"ImageObject","inLanguage":"pt-BR","@id":"https:\/\/porthosinternational.com.br\/blog\/transporte-aereo\/#primaryimage","url":"https:\/\/porthosinternational.com.br\/blog\/wp-content\/uploads\/2022\/07\/Capa_do_transporte_aereo_Porthos-1.jpg","contentUrl":"https:\/\/porthosinternational.com.br\/blog\/wp-content\/uploads\/2022\/07\/Capa_do_transporte_aereo_Porthos-1.jpg","width":1400,"height":761,"caption":"Transporte A\u00e9reo"},{"@type":"BreadcrumbList","@id":"https:\/\/porthosinternational.com.br\/blog\/transporte-aereo\/#breadcrumb","itemListElement":[{"@type":"ListItem","position":1,"name":"In\u00edcio","item":"https:\/\/porthosinternational.com.br\/blog\/"},{"@type":"ListItem","position":2,"name":"Transporte A\u00e9reo"}]},{"@type":"WebSite","@id":"https:\/\/porthosinternational.com.br\/blog\/#website","url":"https:\/\/porthosinternational.com.br\/blog\/","name":"Porthos International","description":"Presen\u00e7a Global","publisher":{"@id":"https:\/\/porthosinternational.com.br\/blog\/#organization"},"potentialAction":[{"@type":"SearchAction","target":{"@type":"EntryPoint","urlTemplate":"https:\/\/porthosinternational.com.br\/blog\/?s={search_term_string}"},"query-input":{"@type":"PropertyValueSpecification","valueRequired":true,"valueName":"search_term_string"}}],"inLanguage":"pt-BR"},{"@type":"Organization","@id":"https:\/\/porthosinternational.com.br\/blog\/#organization","name":"Porthos International","url":"https:\/\/porthosinternational.com.br\/blog\/","logo":{"@type":"ImageObject","inLanguage":"pt-BR","@id":"https:\/\/porthosinternational.com.br\/blog\/#\/schema\/logo\/image\/","url":"https:\/\/porthosinternational.com.br\/blog\/wp-content\/uploads\/2020\/09\/logo.png","contentUrl":"https:\/\/porthosinternational.com.br\/blog\/wp-content\/uploads\/2020\/09\/logo.png","width":1599,"height":603,"caption":"Porthos International"},"image":{"@id":"https:\/\/porthosinternational.com.br\/blog\/#\/schema\/logo\/image\/"},"sameAs":["https:\/\/www.facebook.com\/porthosint","https:\/\/www.instagram.com\/porthosinternational\/","https:\/\/www.linkedin.com\/in\/porthos-international-86511314a\/?originalSubdomain=br"]},{"@type":"Person","@id":"https:\/\/porthosinternational.com.br\/blog\/#\/schema\/person\/69a0d71e64cd7cfa58e8c598f5202830","name":"admin","image":{"@type":"ImageObject","inLanguage":"pt-BR","@id":"https:\/\/porthosinternational.com.br\/blog\/#\/schema\/person\/image\/","url":"https:\/\/secure.gravatar.com\/avatar\/e0195fd606268b086df58e69a257b907554e5171ec20358554a73eaf438754be?s=96&d=mm&r=g","contentUrl":"https:\/\/secure.gravatar.com\/avatar\/e0195fd606268b086df58e69a257b907554e5171ec20358554a73eaf438754be?s=96&d=mm&r=g","caption":"admin"},"sameAs":["https:\/\/porthosinternational.com.br\/blog"]}]}},"_links":{"self":[{"href":"https:\/\/porthosinternational.com.br\/blog\/wp-json\/wp\/v2\/posts\/884","targetHints":{"allow":["GET"]}}],"collection":[{"href":"https:\/\/porthosinternational.com.br\/blog\/wp-json\/wp\/v2\/posts"}],"about":[{"href":"https:\/\/porthosinternational.com.br\/blog\/wp-json\/wp\/v2\/types\/post"}],"author":[{"embeddable":true,"href":"https:\/\/porthosinternational.com.br\/blog\/wp-json\/wp\/v2\/users\/1"}],"replies":[{"embeddable":true,"href":"https:\/\/porthosinternational.com.br\/blog\/wp-json\/wp\/v2\/comments?post=884"}],"version-history":[{"count":5,"href":"https:\/\/porthosinternational.com.br\/blog\/wp-json\/wp\/v2\/posts\/884\/revisions"}],"predecessor-version":[{"id":893,"href":"https:\/\/porthosinternational.com.br\/blog\/wp-json\/wp\/v2\/posts\/884\/revisions\/893"}],"wp:featuredmedia":[{"embeddable":true,"href":"https:\/\/porthosinternational.com.br\/blog\/wp-json\/wp\/v2\/media\/885"}],"wp:attachment":[{"href":"https:\/\/porthosinternational.com.br\/blog\/wp-json\/wp\/v2\/media?parent=884"}],"wp:term":[{"taxonomy":"category","embeddable":true,"href":"https:\/\/porthosinternational.com.br\/blog\/wp-json\/wp\/v2\/categories?post=884"},{"taxonomy":"post_tag","embeddable":true,"href":"https:\/\/porthosinternational.com.br\/blog\/wp-json\/wp\/v2\/tags?post=884"}],"curies":[{"name":"wp","href":"https:\/\/api.w.org\/{rel}","templated":true}]}}