{"id":1921,"date":"2025-03-13T07:00:19","date_gmt":"2025-03-13T10:00:19","guid":{"rendered":"https:\/\/porthosinternational.com.br\/blog\/?p=1921"},"modified":"2025-03-10T20:20:29","modified_gmt":"2025-03-10T23:20:29","slug":"plano-nacional-de-ferrovias-ira-impulsionar-a-logistica-nacional","status":"publish","type":"post","link":"https:\/\/porthosinternational.com.br\/blog\/plano-nacional-de-ferrovias-ira-impulsionar-a-logistica-nacional\/","title":{"rendered":"Plano Nacional de Ferrovias ir\u00e1 impulsionar a log\u00edstica nacional"},"content":{"rendered":"<p>O Governo Federal est\u00e1 prestes a lan\u00e7ar o Plano Nacional de Ferrovias com um investimento previsto de R$100 bilh\u00f5es. Vamos entender os impactos deste Plano na log\u00edstica nacional e o atual cen\u00e1rio da malha ferrovi\u00e1ria brasileira?<\/p>\n<p>&nbsp;<\/p>\n<p>Sabemos que o Brasil \u00e9 um pa\u00eds continental, sendo o 5\u00b0 maior do mundo em territ\u00f3rio, assim como a nossa malha rodovi\u00e1ria tamb\u00e9m \u00e9 bastante extensa e de extrema import\u00e2ncia para a log\u00edstica. No entanto, a pol\u00edtica voltada para as rodovias implementada no s\u00e9culo XX, fez com que houvesse o detrimento da malha ferrovi\u00e1ria nacional, sendo hoje pequena e obsoleta se comparada a outros pa\u00edses at\u00e9 menores que o Brasil.<\/p>\n<p>&nbsp;<\/p>\n<h2>Quais s\u00e3o as ferrovias brasileiras?<\/h2>\n<p>&nbsp;<\/p>\n<p>O Brasil possui aproximadamente 30 mil quil\u00f4metros de malha ferrovi\u00e1ria, sendo as maiores:<\/p>\n<p>&nbsp;<\/p>\n<ul>\n<li><strong>Ferrovia Norte-Sul (FNS)<\/strong>: ligando os portos de Itaqui (MA) e Santos (SP), a ferrovia Norte-Sul possui 2,2 mil km de extens\u00e3o, custou mais de R$11 bilh\u00f5es e demorou quase 40 anos para ficar pronta.<\/li>\n<\/ul>\n<p>&nbsp;<\/p>\n<ul>\n<li><strong>Ferrovia Caraj\u00e1s (EFC)<\/strong> \u2013 operada pela Vale, essa ferrovia \u00e9 de extrema import\u00e2ncia para o transporte de min\u00e9rio de ferro do Par\u00e1 ao Maranh\u00e3o.<\/li>\n<\/ul>\n<p>&nbsp;<\/p>\n<ul>\n<li><strong>Ferrovia Vit\u00f3ria-Minas (EFVM)<\/strong>: tamb\u00e9m operada pela Vale, a EFVM liga o estado de Minas Gerais ao Esp\u00edrito Santo, sendo uma das ferrovias mais movimentadas do pa\u00eds.<\/li>\n<\/ul>\n<p>&nbsp;<\/p>\n<ul>\n<li><strong>Ferrovia Transnordestina<\/strong>: ainda em constru\u00e7\u00e3o, ligar\u00e1 o Piau\u00ed e o Cear\u00e1 ao Porto de Suape (PE), impulsionando a log\u00edstica na regi\u00e3o do Nordeste.<\/li>\n<\/ul>\n<p>&nbsp;<\/p>\n<ul>\n<li><strong>Ferrovia Centro-Atl\u00e2ntica (FCA)<\/strong>: administrada pela VLI, ela atravessa diversas regi\u00f5es do pa\u00eds, conectando estados do Sudeste, Centro-Oeste e Nordeste.<\/li>\n<\/ul>\n<p>&nbsp;<\/p>\n<h2>Projeto de expans\u00e3o &#8211; o que \u00e9 o Plano Nacional de Ferrovias?<\/h2>\n<p>&nbsp;<\/p>\n<p>O an\u00fancio oficial do governo ainda n\u00e3o foi realizado, no entanto, alguns investidores j\u00e1 demonstraram interesse nos projetos. Embora o caminho entre o primeiro contato e a realiza\u00e7\u00e3o dos leil\u00f5es seja longo, a sinaliza\u00e7\u00e3o do mercado \u00e9 vista como positiva. Empresas como CCR, MRS, Rumo, a chinesa Concremat e a su\u00ed\u00e7a MSC est\u00e3o entre os interessados. O plano prev\u00ea cinco projetos ferrovi\u00e1rios, totalizando 5.000 km de trilhos e investimentos de aproximadamente R$100 bilh\u00f5es. O plano busca ampliar e modernizar a malha ferrovi\u00e1ria do Brasil, reduzindo custos log\u00edsticos e incentivando investimentos privados.<\/p>\n<p>&nbsp;<\/p>\n<p>Para viabilizar economicamente as obras e torn\u00e1-las atrativas \u00e0 iniciativa privada, o governo arcar\u00e1 com 20% a 30% dos investimentos. Esses recursos vir\u00e3o da repactua\u00e7\u00e3o de concess\u00f5es, incluindo acordos firmados com Rumo, MRS Log\u00edstica e Vale. A mineradora se comprometeu a pagar at\u00e9 R$17 bilh\u00f5es para a extens\u00e3o de concess\u00f5es ferrovi\u00e1rias.<\/p>\n<p>&nbsp;<\/p>\n<h2>Import\u00e2ncia das ferrovias para o com\u00e9rcio exterior<\/h2>\n<p>&nbsp;<\/p>\n<p>As ferrovias desempenham um papel estrat\u00e9gico no com\u00e9rcio exterior ao oferecerem uma solu\u00e7\u00e3o eficiente e competitiva para o transporte de mercadorias. Com uma malha ferrovi\u00e1ria bem estruturada, \u00e9 poss\u00edvel reduzir custos log\u00edsticos, melhorar a previsibilidade dos prazos de entrega e ampliar a capacidade de escoamento de produtos para portos e fronteiras.<\/p>\n<p>&nbsp;<\/p>\n<p>O Brasil, com sua extensa produ\u00e7\u00e3o agr\u00edcola e industrial, depende de modais log\u00edsticos que garantam maior efici\u00eancia no deslocamento de cargas, principalmente em longas dist\u00e2ncias. Comparadas ao transporte rodovi\u00e1rio, as ferrovias apresentam algumas vantagens, como: menor impacto ambiental, maior seguran\u00e7a e capacidade de carga significativamente superior, sendo muito relevante para commodities como soja, milho, min\u00e9rio de ferro e combust\u00edveis, que demandam transporte cont\u00ednuo e em grande volume.<\/p>\n<p>&nbsp;<\/p>\n<p>O investimento na amplia\u00e7\u00e3o e moderniza\u00e7\u00e3o da infraestrutura ferrovi\u00e1ria contribui para a competitividade do com\u00e9rcio exterior brasileiro. Um sistema eficiente reduz custos operacionais e melhora a atratividade dos produtos nacionais no mercado global, tornando-os mais competitivos frente a concorrentes internacionais. Pa\u00edses que investiram fortemente no modal ferrovi\u00e1rio, como Estados Unidos e China, colhem os benef\u00edcios de um transporte de carga mais barato e eficiente. O fortalecimento das ferrovias no Brasil \u00e9 fundamental para garantir que o pa\u00eds consiga aproveitar seu potencial produtivo, reduzir sua depend\u00eancia do transporte rodovi\u00e1rio e consolidar sua posi\u00e7\u00e3o no com\u00e9rcio exterior com maior efici\u00eancia e sustentabilidade.<\/p>\n<p>&nbsp;<\/p>\n<p>Vai importar ou exportar? A <a href=\"https:\/\/porthosinternational.com.br\/\">Porthos<\/a> tem as solu\u00e7\u00f5es multimodais que voc\u00ea precisa para realizar opera\u00e7\u00f5es eficientes e seguras. Conte com quem entende de com\u00e9rcio exterior, <a href=\"https:\/\/porthosinternational.com.br\/contato\/\">fale conosco e saiba mais!<\/a><\/p>\n<p>&nbsp;<\/p>\n<p>&nbsp;<\/p>\n<p>&nbsp;<\/p>\n<p><a href=\"https:\/\/ibl.org.br\/governo-apresenta-plano-nacional-de-ferrovias-e-estrategia-para-expansao-do-setor\/#:~:text=O%20Plano%20Nacional%20de%20Ferrovias,em%20alguns%20casos%2C%20de%20passageiros\">https:\/\/ibl.org.br\/governo-apresenta-plano-nacional-de-ferrovias-e-estrategia-para-expansao-do-setor\/#:~:text=O%20Plano%20Nacional%20de%20Ferrovias,em%20alguns%20casos%2C%20de%20passageiros<\/a>.<\/p>\n","protected":false},"excerpt":{"rendered":"<p>O Governo Federal est\u00e1 prestes a lan\u00e7ar o Plano Nacional de Ferrovias com um investimento previsto de R$100 bilh\u00f5es. Vamos entender os impactos deste Plano na log\u00edstica nacional e o atual cen\u00e1rio da malha ferrovi\u00e1ria brasileira? &nbsp; Sabemos que o Brasil \u00e9 um pa\u00eds continental, sendo o 5\u00b0 maior do mundo em territ\u00f3rio, assim como [&#8230;]\n","protected":false},"author":1,"featured_media":1922,"comment_status":"open","ping_status":"open","sticky":false,"template":"","format":"standard","meta":{"footnotes":""},"categories":[338],"tags":[912,909,675,911,908,906,907,910,905,913,914],"class_list":["post-1921","post","type-post","status-publish","format-standard","has-post-thumbnail","hentry","category-atualidades","tag-efc","tag-efvm","tag-fca","tag-ferrovia-carajas","tag-ferrovia-centro-atlantica","tag-ferrovia-norte-sul","tag-ferrovia-transnordestina","tag-ferrovia-vitoria-minas","tag-ferrovias","tag-ferrovias-brasileiras","tag-importancia-das-ferrovias-para-o-comercio-exterior"],"yoast_head":"<!-- This site is optimized with the Yoast SEO plugin v26.7 - https:\/\/yoast.com\/wordpress\/plugins\/seo\/ -->\n<title>Plano Nacional de Ferrovias ir\u00e1 impulsionar a log\u00edstica nacional - Porthos International<\/title>\n<meta name=\"description\" content=\"O Governo Federal est\u00e1 prestes a lan\u00e7ar o Plano Nacional de Ferrovias. Vamos entender os impactos deste Plano na log\u00edstica nacional.\" \/>\n<meta name=\"robots\" content=\"index, follow, max-snippet:-1, max-image-preview:large, max-video-preview:-1\" \/>\n<link rel=\"canonical\" href=\"https:\/\/porthosinternational.com.br\/blog\/plano-nacional-de-ferrovias-ira-impulsionar-a-logistica-nacional\/\" \/>\n<meta property=\"og:locale\" content=\"pt_BR\" \/>\n<meta property=\"og:type\" content=\"article\" \/>\n<meta property=\"og:title\" content=\"Plano Nacional de Ferrovias ir\u00e1 impulsionar a log\u00edstica nacional - Porthos International\" \/>\n<meta property=\"og:description\" content=\"O Governo Federal est\u00e1 prestes a lan\u00e7ar o Plano Nacional de Ferrovias. Vamos entender os impactos deste Plano na log\u00edstica nacional.\" \/>\n<meta property=\"og:url\" content=\"https:\/\/porthosinternational.com.br\/blog\/plano-nacional-de-ferrovias-ira-impulsionar-a-logistica-nacional\/\" \/>\n<meta property=\"og:site_name\" content=\"Porthos International\" \/>\n<meta property=\"article:publisher\" content=\"https:\/\/www.facebook.com\/porthosint\" \/>\n<meta property=\"article:published_time\" content=\"2025-03-13T10:00:19+00:00\" \/>\n<meta property=\"og:image\" content=\"https:\/\/porthosinternational.com.br\/blog\/wp-content\/uploads\/2025\/03\/plano-nacional-de-ferrovias-ira-impulsionar-a-logistica-nacional.jpg\" \/>\n\t<meta property=\"og:image:width\" content=\"1400\" \/>\n\t<meta property=\"og:image:height\" content=\"761\" \/>\n\t<meta property=\"og:image:type\" content=\"image\/jpeg\" \/>\n<meta name=\"author\" content=\"admin\" \/>\n<meta name=\"twitter:card\" content=\"summary_large_image\" \/>\n<meta name=\"twitter:label1\" content=\"Escrito por\" \/>\n\t<meta name=\"twitter:data1\" content=\"admin\" \/>\n\t<meta name=\"twitter:label2\" content=\"Est. tempo de leitura\" \/>\n\t<meta name=\"twitter:data2\" content=\"4 minutos\" \/>\n<script type=\"application\/ld+json\" class=\"yoast-schema-graph\">{\"@context\":\"https:\/\/schema.org\",\"@graph\":[{\"@type\":\"Article\",\"@id\":\"https:\/\/porthosinternational.com.br\/blog\/plano-nacional-de-ferrovias-ira-impulsionar-a-logistica-nacional\/#article\",\"isPartOf\":{\"@id\":\"https:\/\/porthosinternational.com.br\/blog\/plano-nacional-de-ferrovias-ira-impulsionar-a-logistica-nacional\/\"},\"author\":{\"name\":\"admin\",\"@id\":\"https:\/\/porthosinternational.com.br\/blog\/#\/schema\/person\/69a0d71e64cd7cfa58e8c598f5202830\"},\"headline\":\"Plano Nacional de Ferrovias ir\u00e1 impulsionar a log\u00edstica nacional\",\"datePublished\":\"2025-03-13T10:00:19+00:00\",\"mainEntityOfPage\":{\"@id\":\"https:\/\/porthosinternational.com.br\/blog\/plano-nacional-de-ferrovias-ira-impulsionar-a-logistica-nacional\/\"},\"wordCount\":779,\"commentCount\":1,\"publisher\":{\"@id\":\"https:\/\/porthosinternational.com.br\/blog\/#organization\"},\"image\":{\"@id\":\"https:\/\/porthosinternational.com.br\/blog\/plano-nacional-de-ferrovias-ira-impulsionar-a-logistica-nacional\/#primaryimage\"},\"thumbnailUrl\":\"https:\/\/porthosinternational.com.br\/blog\/wp-content\/uploads\/2025\/03\/plano-nacional-de-ferrovias-ira-impulsionar-a-logistica-nacional.jpg\",\"keywords\":[\"EFC\",\"EFVM\",\"FCA\",\"Ferrovia Caraj\u00e1s\",\"Ferrovia Centro-Atl\u00e2ntica\",\"Ferrovia Norte-Sul\",\"Ferrovia Transnordestina\",\"Ferrovia Vit\u00f3ria-Minas\",\"ferrovias\",\"ferrovias brasileiras\",\"Import\u00e2ncia das ferrovias para o com\u00e9rcio exterior\"],\"articleSection\":[\"Atualidades\"],\"inLanguage\":\"pt-BR\",\"potentialAction\":[{\"@type\":\"CommentAction\",\"name\":\"Comment\",\"target\":[\"https:\/\/porthosinternational.com.br\/blog\/plano-nacional-de-ferrovias-ira-impulsionar-a-logistica-nacional\/#respond\"]}]},{\"@type\":\"WebPage\",\"@id\":\"https:\/\/porthosinternational.com.br\/blog\/plano-nacional-de-ferrovias-ira-impulsionar-a-logistica-nacional\/\",\"url\":\"https:\/\/porthosinternational.com.br\/blog\/plano-nacional-de-ferrovias-ira-impulsionar-a-logistica-nacional\/\",\"name\":\"Plano Nacional de Ferrovias ir\u00e1 impulsionar a log\u00edstica nacional - Porthos International\",\"isPartOf\":{\"@id\":\"https:\/\/porthosinternational.com.br\/blog\/#website\"},\"primaryImageOfPage\":{\"@id\":\"https:\/\/porthosinternational.com.br\/blog\/plano-nacional-de-ferrovias-ira-impulsionar-a-logistica-nacional\/#primaryimage\"},\"image\":{\"@id\":\"https:\/\/porthosinternational.com.br\/blog\/plano-nacional-de-ferrovias-ira-impulsionar-a-logistica-nacional\/#primaryimage\"},\"thumbnailUrl\":\"https:\/\/porthosinternational.com.br\/blog\/wp-content\/uploads\/2025\/03\/plano-nacional-de-ferrovias-ira-impulsionar-a-logistica-nacional.jpg\",\"datePublished\":\"2025-03-13T10:00:19+00:00\",\"description\":\"O Governo Federal est\u00e1 prestes a lan\u00e7ar o Plano Nacional de Ferrovias. Vamos entender os impactos deste Plano na log\u00edstica nacional.\",\"breadcrumb\":{\"@id\":\"https:\/\/porthosinternational.com.br\/blog\/plano-nacional-de-ferrovias-ira-impulsionar-a-logistica-nacional\/#breadcrumb\"},\"inLanguage\":\"pt-BR\",\"potentialAction\":[{\"@type\":\"ReadAction\",\"target\":[\"https:\/\/porthosinternational.com.br\/blog\/plano-nacional-de-ferrovias-ira-impulsionar-a-logistica-nacional\/\"]}]},{\"@type\":\"ImageObject\",\"inLanguage\":\"pt-BR\",\"@id\":\"https:\/\/porthosinternational.com.br\/blog\/plano-nacional-de-ferrovias-ira-impulsionar-a-logistica-nacional\/#primaryimage\",\"url\":\"https:\/\/porthosinternational.com.br\/blog\/wp-content\/uploads\/2025\/03\/plano-nacional-de-ferrovias-ira-impulsionar-a-logistica-nacional.jpg\",\"contentUrl\":\"https:\/\/porthosinternational.com.br\/blog\/wp-content\/uploads\/2025\/03\/plano-nacional-de-ferrovias-ira-impulsionar-a-logistica-nacional.jpg\",\"width\":1400,\"height\":761,\"caption\":\"Plano Nacional de Ferrovias ir\u00e1 impulsionar a log\u00edstica nacional\"},{\"@type\":\"BreadcrumbList\",\"@id\":\"https:\/\/porthosinternational.com.br\/blog\/plano-nacional-de-ferrovias-ira-impulsionar-a-logistica-nacional\/#breadcrumb\",\"itemListElement\":[{\"@type\":\"ListItem\",\"position\":1,\"name\":\"In\u00edcio\",\"item\":\"https:\/\/porthosinternational.com.br\/blog\/\"},{\"@type\":\"ListItem\",\"position\":2,\"name\":\"Plano Nacional de Ferrovias ir\u00e1 impulsionar a log\u00edstica nacional\"}]},{\"@type\":\"WebSite\",\"@id\":\"https:\/\/porthosinternational.com.br\/blog\/#website\",\"url\":\"https:\/\/porthosinternational.com.br\/blog\/\",\"name\":\"Porthos International\",\"description\":\"Presen\u00e7a Global\",\"publisher\":{\"@id\":\"https:\/\/porthosinternational.com.br\/blog\/#organization\"},\"potentialAction\":[{\"@type\":\"SearchAction\",\"target\":{\"@type\":\"EntryPoint\",\"urlTemplate\":\"https:\/\/porthosinternational.com.br\/blog\/?s={search_term_string}\"},\"query-input\":{\"@type\":\"PropertyValueSpecification\",\"valueRequired\":true,\"valueName\":\"search_term_string\"}}],\"inLanguage\":\"pt-BR\"},{\"@type\":\"Organization\",\"@id\":\"https:\/\/porthosinternational.com.br\/blog\/#organization\",\"name\":\"Porthos International\",\"url\":\"https:\/\/porthosinternational.com.br\/blog\/\",\"logo\":{\"@type\":\"ImageObject\",\"inLanguage\":\"pt-BR\",\"@id\":\"https:\/\/porthosinternational.com.br\/blog\/#\/schema\/logo\/image\/\",\"url\":\"https:\/\/porthosinternational.com.br\/blog\/wp-content\/uploads\/2020\/09\/logo.png\",\"contentUrl\":\"https:\/\/porthosinternational.com.br\/blog\/wp-content\/uploads\/2020\/09\/logo.png\",\"width\":1599,\"height\":603,\"caption\":\"Porthos International\"},\"image\":{\"@id\":\"https:\/\/porthosinternational.com.br\/blog\/#\/schema\/logo\/image\/\"},\"sameAs\":[\"https:\/\/www.facebook.com\/porthosint\",\"https:\/\/www.instagram.com\/porthosinternational\/\",\"https:\/\/www.linkedin.com\/in\/porthos-international-86511314a\/?originalSubdomain=br\"]},{\"@type\":\"Person\",\"@id\":\"https:\/\/porthosinternational.com.br\/blog\/#\/schema\/person\/69a0d71e64cd7cfa58e8c598f5202830\",\"name\":\"admin\",\"image\":{\"@type\":\"ImageObject\",\"inLanguage\":\"pt-BR\",\"@id\":\"https:\/\/porthosinternational.com.br\/blog\/#\/schema\/person\/image\/\",\"url\":\"https:\/\/secure.gravatar.com\/avatar\/e0195fd606268b086df58e69a257b907554e5171ec20358554a73eaf438754be?s=96&d=mm&r=g\",\"contentUrl\":\"https:\/\/secure.gravatar.com\/avatar\/e0195fd606268b086df58e69a257b907554e5171ec20358554a73eaf438754be?s=96&d=mm&r=g\",\"caption\":\"admin\"},\"sameAs\":[\"https:\/\/porthosinternational.com.br\/blog\"]}]}<\/script>\n<!-- \/ Yoast SEO plugin. -->","yoast_head_json":{"title":"Plano Nacional de Ferrovias ir\u00e1 impulsionar a log\u00edstica nacional - Porthos International","description":"O Governo Federal est\u00e1 prestes a lan\u00e7ar o Plano Nacional de Ferrovias. Vamos entender os impactos deste Plano na log\u00edstica nacional.","robots":{"index":"index","follow":"follow","max-snippet":"max-snippet:-1","max-image-preview":"max-image-preview:large","max-video-preview":"max-video-preview:-1"},"canonical":"https:\/\/porthosinternational.com.br\/blog\/plano-nacional-de-ferrovias-ira-impulsionar-a-logistica-nacional\/","og_locale":"pt_BR","og_type":"article","og_title":"Plano Nacional de Ferrovias ir\u00e1 impulsionar a log\u00edstica nacional - Porthos International","og_description":"O Governo Federal est\u00e1 prestes a lan\u00e7ar o Plano Nacional de Ferrovias. Vamos entender os impactos deste Plano na log\u00edstica nacional.","og_url":"https:\/\/porthosinternational.com.br\/blog\/plano-nacional-de-ferrovias-ira-impulsionar-a-logistica-nacional\/","og_site_name":"Porthos International","article_publisher":"https:\/\/www.facebook.com\/porthosint","article_published_time":"2025-03-13T10:00:19+00:00","og_image":[{"width":1400,"height":761,"url":"https:\/\/porthosinternational.com.br\/blog\/wp-content\/uploads\/2025\/03\/plano-nacional-de-ferrovias-ira-impulsionar-a-logistica-nacional.jpg","type":"image\/jpeg"}],"author":"admin","twitter_card":"summary_large_image","twitter_misc":{"Escrito por":"admin","Est. tempo de leitura":"4 minutos"},"schema":{"@context":"https:\/\/schema.org","@graph":[{"@type":"Article","@id":"https:\/\/porthosinternational.com.br\/blog\/plano-nacional-de-ferrovias-ira-impulsionar-a-logistica-nacional\/#article","isPartOf":{"@id":"https:\/\/porthosinternational.com.br\/blog\/plano-nacional-de-ferrovias-ira-impulsionar-a-logistica-nacional\/"},"author":{"name":"admin","@id":"https:\/\/porthosinternational.com.br\/blog\/#\/schema\/person\/69a0d71e64cd7cfa58e8c598f5202830"},"headline":"Plano Nacional de Ferrovias ir\u00e1 impulsionar a log\u00edstica nacional","datePublished":"2025-03-13T10:00:19+00:00","mainEntityOfPage":{"@id":"https:\/\/porthosinternational.com.br\/blog\/plano-nacional-de-ferrovias-ira-impulsionar-a-logistica-nacional\/"},"wordCount":779,"commentCount":1,"publisher":{"@id":"https:\/\/porthosinternational.com.br\/blog\/#organization"},"image":{"@id":"https:\/\/porthosinternational.com.br\/blog\/plano-nacional-de-ferrovias-ira-impulsionar-a-logistica-nacional\/#primaryimage"},"thumbnailUrl":"https:\/\/porthosinternational.com.br\/blog\/wp-content\/uploads\/2025\/03\/plano-nacional-de-ferrovias-ira-impulsionar-a-logistica-nacional.jpg","keywords":["EFC","EFVM","FCA","Ferrovia Caraj\u00e1s","Ferrovia Centro-Atl\u00e2ntica","Ferrovia Norte-Sul","Ferrovia Transnordestina","Ferrovia Vit\u00f3ria-Minas","ferrovias","ferrovias brasileiras","Import\u00e2ncia das ferrovias para o com\u00e9rcio exterior"],"articleSection":["Atualidades"],"inLanguage":"pt-BR","potentialAction":[{"@type":"CommentAction","name":"Comment","target":["https:\/\/porthosinternational.com.br\/blog\/plano-nacional-de-ferrovias-ira-impulsionar-a-logistica-nacional\/#respond"]}]},{"@type":"WebPage","@id":"https:\/\/porthosinternational.com.br\/blog\/plano-nacional-de-ferrovias-ira-impulsionar-a-logistica-nacional\/","url":"https:\/\/porthosinternational.com.br\/blog\/plano-nacional-de-ferrovias-ira-impulsionar-a-logistica-nacional\/","name":"Plano Nacional de Ferrovias ir\u00e1 impulsionar a log\u00edstica nacional - Porthos International","isPartOf":{"@id":"https:\/\/porthosinternational.com.br\/blog\/#website"},"primaryImageOfPage":{"@id":"https:\/\/porthosinternational.com.br\/blog\/plano-nacional-de-ferrovias-ira-impulsionar-a-logistica-nacional\/#primaryimage"},"image":{"@id":"https:\/\/porthosinternational.com.br\/blog\/plano-nacional-de-ferrovias-ira-impulsionar-a-logistica-nacional\/#primaryimage"},"thumbnailUrl":"https:\/\/porthosinternational.com.br\/blog\/wp-content\/uploads\/2025\/03\/plano-nacional-de-ferrovias-ira-impulsionar-a-logistica-nacional.jpg","datePublished":"2025-03-13T10:00:19+00:00","description":"O Governo Federal est\u00e1 prestes a lan\u00e7ar o Plano Nacional de Ferrovias. Vamos entender os impactos deste Plano na log\u00edstica nacional.","breadcrumb":{"@id":"https:\/\/porthosinternational.com.br\/blog\/plano-nacional-de-ferrovias-ira-impulsionar-a-logistica-nacional\/#breadcrumb"},"inLanguage":"pt-BR","potentialAction":[{"@type":"ReadAction","target":["https:\/\/porthosinternational.com.br\/blog\/plano-nacional-de-ferrovias-ira-impulsionar-a-logistica-nacional\/"]}]},{"@type":"ImageObject","inLanguage":"pt-BR","@id":"https:\/\/porthosinternational.com.br\/blog\/plano-nacional-de-ferrovias-ira-impulsionar-a-logistica-nacional\/#primaryimage","url":"https:\/\/porthosinternational.com.br\/blog\/wp-content\/uploads\/2025\/03\/plano-nacional-de-ferrovias-ira-impulsionar-a-logistica-nacional.jpg","contentUrl":"https:\/\/porthosinternational.com.br\/blog\/wp-content\/uploads\/2025\/03\/plano-nacional-de-ferrovias-ira-impulsionar-a-logistica-nacional.jpg","width":1400,"height":761,"caption":"Plano Nacional de Ferrovias ir\u00e1 impulsionar a log\u00edstica nacional"},{"@type":"BreadcrumbList","@id":"https:\/\/porthosinternational.com.br\/blog\/plano-nacional-de-ferrovias-ira-impulsionar-a-logistica-nacional\/#breadcrumb","itemListElement":[{"@type":"ListItem","position":1,"name":"In\u00edcio","item":"https:\/\/porthosinternational.com.br\/blog\/"},{"@type":"ListItem","position":2,"name":"Plano Nacional de Ferrovias ir\u00e1 impulsionar a log\u00edstica nacional"}]},{"@type":"WebSite","@id":"https:\/\/porthosinternational.com.br\/blog\/#website","url":"https:\/\/porthosinternational.com.br\/blog\/","name":"Porthos International","description":"Presen\u00e7a Global","publisher":{"@id":"https:\/\/porthosinternational.com.br\/blog\/#organization"},"potentialAction":[{"@type":"SearchAction","target":{"@type":"EntryPoint","urlTemplate":"https:\/\/porthosinternational.com.br\/blog\/?s={search_term_string}"},"query-input":{"@type":"PropertyValueSpecification","valueRequired":true,"valueName":"search_term_string"}}],"inLanguage":"pt-BR"},{"@type":"Organization","@id":"https:\/\/porthosinternational.com.br\/blog\/#organization","name":"Porthos International","url":"https:\/\/porthosinternational.com.br\/blog\/","logo":{"@type":"ImageObject","inLanguage":"pt-BR","@id":"https:\/\/porthosinternational.com.br\/blog\/#\/schema\/logo\/image\/","url":"https:\/\/porthosinternational.com.br\/blog\/wp-content\/uploads\/2020\/09\/logo.png","contentUrl":"https:\/\/porthosinternational.com.br\/blog\/wp-content\/uploads\/2020\/09\/logo.png","width":1599,"height":603,"caption":"Porthos International"},"image":{"@id":"https:\/\/porthosinternational.com.br\/blog\/#\/schema\/logo\/image\/"},"sameAs":["https:\/\/www.facebook.com\/porthosint","https:\/\/www.instagram.com\/porthosinternational\/","https:\/\/www.linkedin.com\/in\/porthos-international-86511314a\/?originalSubdomain=br"]},{"@type":"Person","@id":"https:\/\/porthosinternational.com.br\/blog\/#\/schema\/person\/69a0d71e64cd7cfa58e8c598f5202830","name":"admin","image":{"@type":"ImageObject","inLanguage":"pt-BR","@id":"https:\/\/porthosinternational.com.br\/blog\/#\/schema\/person\/image\/","url":"https:\/\/secure.gravatar.com\/avatar\/e0195fd606268b086df58e69a257b907554e5171ec20358554a73eaf438754be?s=96&d=mm&r=g","contentUrl":"https:\/\/secure.gravatar.com\/avatar\/e0195fd606268b086df58e69a257b907554e5171ec20358554a73eaf438754be?s=96&d=mm&r=g","caption":"admin"},"sameAs":["https:\/\/porthosinternational.com.br\/blog"]}]}},"_links":{"self":[{"href":"https:\/\/porthosinternational.com.br\/blog\/wp-json\/wp\/v2\/posts\/1921","targetHints":{"allow":["GET"]}}],"collection":[{"href":"https:\/\/porthosinternational.com.br\/blog\/wp-json\/wp\/v2\/posts"}],"about":[{"href":"https:\/\/porthosinternational.com.br\/blog\/wp-json\/wp\/v2\/types\/post"}],"author":[{"embeddable":true,"href":"https:\/\/porthosinternational.com.br\/blog\/wp-json\/wp\/v2\/users\/1"}],"replies":[{"embeddable":true,"href":"https:\/\/porthosinternational.com.br\/blog\/wp-json\/wp\/v2\/comments?post=1921"}],"version-history":[{"count":1,"href":"https:\/\/porthosinternational.com.br\/blog\/wp-json\/wp\/v2\/posts\/1921\/revisions"}],"predecessor-version":[{"id":1923,"href":"https:\/\/porthosinternational.com.br\/blog\/wp-json\/wp\/v2\/posts\/1921\/revisions\/1923"}],"wp:featuredmedia":[{"embeddable":true,"href":"https:\/\/porthosinternational.com.br\/blog\/wp-json\/wp\/v2\/media\/1922"}],"wp:attachment":[{"href":"https:\/\/porthosinternational.com.br\/blog\/wp-json\/wp\/v2\/media?parent=1921"}],"wp:term":[{"taxonomy":"category","embeddable":true,"href":"https:\/\/porthosinternational.com.br\/blog\/wp-json\/wp\/v2\/categories?post=1921"},{"taxonomy":"post_tag","embeddable":true,"href":"https:\/\/porthosinternational.com.br\/blog\/wp-json\/wp\/v2\/tags?post=1921"}],"curies":[{"name":"wp","href":"https:\/\/api.w.org\/{rel}","templated":true}]}}