{"id":1735,"date":"2024-08-19T11:54:32","date_gmt":"2024-08-19T14:54:32","guid":{"rendered":"https:\/\/porthosinternational.com.br\/blog\/?p=1735"},"modified":"2024-08-19T12:15:05","modified_gmt":"2024-08-19T15:15:05","slug":"medo-de-greves-nos-eua-faz-varejistas-acelerarem-importacoes","status":"publish","type":"post","link":"https:\/\/porthosinternational.com.br\/blog\/medo-de-greves-nos-eua-faz-varejistas-acelerarem-importacoes\/","title":{"rendered":"Medo de Greves nos EUA Faz Varejistas Acelerarem Importa\u00e7\u00f5es"},"content":{"rendered":"<p>O temor de greves nos Estados Unidos est\u00e1 levando\u00a0<a class=\"text-n-purple-1000 hover:underline\" href=\"https:\/\/porthosinternational.com.br\/blog\/o-impacto-do-peak-season-alta-temporada-no-comercio-exterior\/\" target=\"_blank\" rel=\"noopener\">grandes varejistas<\/a>\u00a0a acelerar suas importa\u00e7\u00f5es, causando uma revolu\u00e7\u00e3o na\u00a0<a class=\"text-n-purple-1000 hover:underline\" href=\"https:\/\/porthosinternational.com.br\/blog\/como-funciona-a-logistica-em-uma-crise-global-licoes-aprendidas-da-pandemia\/\" target=\"_blank\" rel=\"noopener\">cadeia de suprimentos global<\/a>. Empresas como Walmart, Target e Macy&#8217;s est\u00e3o antecipando suas compras da China, especialmente de brinquedos e produtos para as festas de fim de ano, para evitar poss\u00edveis interrup\u00e7\u00f5es no transporte mar\u00edtimo. Esta mudan\u00e7a estrat\u00e9gica tem um impacto significativo no fluxo de cont\u00eaineres e na din\u00e2mica do com\u00e9rcio internacional.<\/p>\n<p>&nbsp;<\/p>\n<p>A antecipa\u00e7\u00e3o das importa\u00e7\u00f5es reflete a preocupa\u00e7\u00e3o dos varejistas com potenciais\u00a0<a class=\"text-n-purple-1000 hover:underline\" href=\"https:\/\/porthosinternational.com.br\/blog\/fique-alerta-golden-week-feriado-chines-em-outubro-e-seu-impacto-no-comercio-global\/\" target=\"_blank\" rel=\"noopener\">perturba\u00e7\u00f5es na log\u00edstica<\/a> durante o per\u00edodo crucial das compras natalinas. Al\u00e9m disso, esta tend\u00eancia destaca a complexidade da cadeia de suprimentos global e a import\u00e2ncia do planejamento antecipado. O artigo explora o cen\u00e1rio econ\u00f4mico atual, os riscos e incertezas enfrentados pelos varejistas, e as implica\u00e7\u00f5es dessas decis\u00f5es para o consumo e o mercado de transporte mar\u00edtimo. Incluindo o papel de empresas como a Maersk neste contexto em evolu\u00e7\u00e3o.<\/p>\n<p>&nbsp;<\/p>\n<h2>Cen\u00e1rio Econ\u00f4mico e Consumo<\/h2>\n<p>&nbsp;<\/p>\n<p>O temor de greves nos Estados Unidos est\u00e1 impulsionando\u00a0<a class=\"text-n-purple-1000 hover:underline\" href=\"https:\/\/porthosinternational.com.br\/blog\/o-impacto-do-peak-season-alta-temporada-no-comercio-exterior\/\" target=\"_blank\" rel=\"noopener\">grandes varejistas<\/a>\u00a0a\u00a0<a class=\"text-n-purple-1000 hover:underline\" href=\"https:\/\/porthosinternational.com.br\/blog\/gerenciamento-de-riscos-na-importacao-proteja-seus-negocios-internacionais\/\" target=\"_blank\" rel=\"noopener\">antecipar suas importa\u00e7\u00f5es<\/a>, especialmente da China, para evitar interrup\u00e7\u00f5es no transporte mar\u00edtimo durante o per\u00edodo crucial das compras natalinas . Essa tend\u00eancia destaca a complexidade da\u00a0<a class=\"text-n-purple-1000 hover:underline\" href=\"https:\/\/porthosinternational.com.br\/blog\/gerenciamento-de-riscos-na-logistica-internacional-transformando-desafios-em-oportunidades\/\" target=\"_blank\" rel=\"noopener\">cadeia de suprimentos global<\/a>\u00a0e a import\u00e2ncia do\u00a0<a class=\"text-n-purple-1000 hover:underline\" href=\"https:\/\/porthosinternational.com.br\/blog\/faltam-navios-e-frete-maritimo-deve-subir-10-ate-a-virada-do-ano-entenda-os-impactos-e-solucoes\/\" target=\"_blank\" rel=\"noopener\">planejamento antecipado<\/a>\u00a0.<\/p>\n<p>&nbsp;<\/p>\n<h3>Infla\u00e7\u00e3o e Taxas de Juros<\/h3>\n<p>&nbsp;<\/p>\n<p>Apesar dos dados de infla\u00e7\u00e3o ao consumidor (CPI) de abril terem sido ligeiramente abaixo das expectativas, economistas acreditam que o Federal Reserve (Fed) ainda n\u00e3o possui condi\u00e7\u00f5es para cortar os juros este ano . No entanto, se a infla\u00e7\u00e3o continuar a moderar e houver sinais mais concretos de fraqueza no mercado de trabalho. As <a class=\"text-n-purple-1000 hover:underline\" href=\"https:\/\/www.infomoney.com.br\/economia\/cpi-brando-e-varejo-estavel-em-abril-nos-eua-elevam-chance-de-fed-cortar-juros-no-ano\/\" target=\"_blank\" rel=\"noopener\">esperan\u00e7as de um corte inicial na taxa de juros no segundo semestre<\/a>\u00a0permanecem vivas .<\/p>\n<p>&nbsp;<\/p>\n<h3>Comportamento do Consumidor<\/h3>\n<p>&nbsp;<\/p>\n<p>As\u00a0<a class=\"text-n-purple-1000 hover:underline\" href=\"https:\/\/www.cnnbrasil.com.br\/economia\/macroeconomia\/vendas-no-varejo-dos-eua-sobem-04-em-abril-diz-departamento-de-comercio\/\" target=\"_blank\" rel=\"noopener\">vendas no varejo dos EUA aumentaram menos do que o esperado em abril<\/a>, mas a tend\u00eancia subjacente foi s\u00f3lida, sugerindo que os gastos do consumidor provavelmente permaneceram fortes no in\u00edcio do segundo trimestre, apesar dos riscos crescentes de uma recess\u00e3o este ano . O aumento nas vendas no varejo somou-se ao\u00a0<a class=\"text-n-purple-1000 hover:underline\" href=\"https:\/\/www.cnnbrasil.com.br\/economia\/macroeconomia\/vendas-no-varejo-dos-eua-sobem-04-em-abril-diz-departamento-de-comercio\/\" target=\"_blank\" rel=\"noopener\">forte crescimento do emprego em abril<\/a>\u00a0.<\/p>\n<p>&nbsp;<\/p>\n<h3>Perspectivas para o Varejo<\/h3>\n<p>&nbsp;<\/p>\n<p>O aumento da infla\u00e7\u00e3o e das taxas de juros, juntamente com o medo de greves, cria um cen\u00e1rio desafiador para o varejo nos EUA. No entanto, a antecipa\u00e7\u00e3o das importa\u00e7\u00f5es pelos grandes varejistas demonstra sua capacidade de adapta\u00e7\u00e3o e planejamento estrat\u00e9gico para mitigar poss\u00edveis impactos negativos nas vendas, especialmente durante o per\u00edodo de festas de fim de ano.<\/p>\n<p>&nbsp;<\/p>\n<h2>Riscos e Incertezas<\/h2>\n<p>&nbsp;<\/p>\n<p>Os varejistas dos EUA enfrentam uma s\u00e9rie de\u00a0<a class=\"text-n-purple-1000 hover:underline\" href=\"https:\/\/porthosinternational.com.br\/blog\/o-impacto-das-tensoes-no-mar-vermelho-para-o-comercio-global\/\" target=\"_blank\" rel=\"noopener\">riscos e incertezas<\/a>\u00a0que os levam a antecipar suas importa\u00e7\u00f5es para as festas de fim de ano. Entre esses desafios est\u00e3o a possibilidade de uma greve portu\u00e1ria, tens\u00f5es geopol\u00edticas e volatilidade no transporte mar\u00edtimo.<\/p>\n<p>&nbsp;<\/p>\n<h3>Poss\u00edvel Greve Portu\u00e1ria<\/h3>\n<p>&nbsp;<\/p>\n<p>Os varejistas est\u00e3o preocupados com\u00a0<a class=\"text-n-purple-1000 hover:underline\" href=\"https:\/\/www.cnnbrasil.com.br\/economia\/macroeconomia\/nos-eua-medo-de-greves-e-interrupcoes-maritimas-leva-varejistas-a-anteciparem-importacoes-para-festas-de-fim-de-ano\/\" target=\"_blank\" rel=\"noopener\">uma poss\u00edvel greve em 1\u00ba de outubro<\/a>\u00a0nos portos mar\u00edtimos que se estendem do Maine ao Texas, depois que as negocia\u00e7\u00f5es entre a International Longshoremen&#8217;s Association e a United States Maritime Alliance foram interrompidas . Segundo a Maersk, caso ocorra uma paralisa\u00e7\u00e3o geral do trabalho nas costas leste e do Golfo dos EUA, mesmo uma\u00a0<a class=\"text-n-purple-1000 hover:underline\" href=\"https:\/\/www.infomoney.com.br\/economia\/varejistas-dos-eua-antecipam-importacoes-para-festas-de-fim-de-ano\/\" target=\"_blank\" rel=\"noopener\">paralisa\u00e7\u00e3o de uma semana pode levar de 4 a 6 semanas para se recuperar<\/a>, com atrasos e adiamentos significativos que se agravam a cada dia que passa .<\/p>\n<p>&nbsp;<\/p>\n<h3>Tens\u00f5es Geopol\u00edticas<\/h3>\n<p>&nbsp;<\/p>\n<p>As\u00a0<a class=\"text-n-purple-1000 hover:underline\" href=\"https:\/\/www.conexos.com.br\/china-e-eua-guerra-comercial\/\" target=\"_blank\" rel=\"noopener\">tens\u00f5es comerciais e geopol\u00edticas entre China e EUA<\/a>\u00a0t\u00eam impacto significativo no com\u00e9rcio exterior e na economia global . Essas disputas geram incertezas e desafios para empresas e pa\u00edses ao redor do mundo, afetando as decis\u00f5es de investimento e o fluxo de mercadorias.<\/p>\n<p>&nbsp;<\/p>\n<h3>Volatilidade no Transporte Mar\u00edtimo<\/h3>\n<p>&nbsp;<\/p>\n<p>As cont\u00ednuas interrup\u00e7\u00f5es no transporte mar\u00edtimo causadas por ataques no Mar Vermelho tamb\u00e9m contribuem para a antecipa\u00e7\u00e3o das importa\u00e7\u00f5es pelos varejistas . Essas interrup\u00e7\u00f5es podem causar atrasos e afetar a cadeia de suprimentos global, levando as empresas a buscarem estrat\u00e9gias para mitigar esses riscos.<\/p>\n<p>&nbsp;<\/p>\n<p>Diante desses desafios, os varejistas est\u00e3o se protegendo ao antecipar suas importa\u00e7\u00f5es, especialmente da China, para evitar poss\u00edveis perturba\u00e7\u00f5es durante o per\u00edodo crucial das compras de fim de ano . Essa tend\u00eancia destaca a complexidade da cadeia de suprimentos global e a import\u00e2ncia do planejamento antecipado para lidar com os riscos e incertezas do mercado.<\/p>\n<p>&nbsp;<\/p>\n<h2>Conclus\u00e3o<\/h2>\n<p>&nbsp;<\/p>\n<p>A\u00a0<a class=\"text-n-purple-1000 hover:underline\" href=\"https:\/\/porthosinternational.com.br\/blog\/dicas-de-importacao-e-exportacao\/\" target=\"_blank\" rel=\"noopener\">antecipa\u00e7\u00e3o das importa\u00e7\u00f5es<\/a>\u00a0pelos grandes varejistas dos EUA mostra como as empresas est\u00e3o se adaptando a um cen\u00e1rio cheio de desafios. Essa mudan\u00e7a na estrat\u00e9gia tem um impacto significativo no fluxo de cont\u00eaineres e na din\u00e2mica do com\u00e9rcio internacional. Al\u00e9m disso, destaca a import\u00e2ncia do\u00a0<a class=\"text-n-purple-1000 hover:underline\" href=\"https:\/\/porthosinternational.com.br\/blog\/fique-alerta-golden-week-feriado-chines-em-outubro-e-seu-impacto-no-comercio-global\/\" target=\"_blank\" rel=\"noopener\">planejamento antecipado<\/a>\u00a0para lidar com poss\u00edveis perturba\u00e7\u00f5es na cadeia de suprimentos global.<\/p>\n<p>&nbsp;<\/p>\n<p>No fim das contas, essa tend\u00eancia reflete a complexidade do mercado atual e a necessidade de as empresas serem \u00e1geis e proativas. O medo de greves e outras interrup\u00e7\u00f5es est\u00e1 levando os varejistas a repensar suas\u00a0<a class=\"text-n-purple-1000 hover:underline\" href=\"https:\/\/porthosinternational.com.br\/blog\/gerenciamento-de-riscos-na-logistica-internacional-transformando-desafios-em-oportunidades\/\" target=\"_blank\" rel=\"noopener\">abordagens log\u00edsticas<\/a>, especialmente para o per\u00edodo crucial das compras de fim de ano. Isso mostra como as decis\u00f5es das empresas podem influenciar o consumo e o mercado de transporte mar\u00edtimo em escala global.<\/p>\n","protected":false},"excerpt":{"rendered":"<p>O temor de greves nos Estados Unidos est\u00e1 levando\u00a0grandes varejistas\u00a0a acelerar suas importa\u00e7\u00f5es, causando uma revolu\u00e7\u00e3o na\u00a0cadeia de suprimentos global. Empresas como Walmart, Target e Macy&#8217;s est\u00e3o antecipando suas compras da China, especialmente de brinquedos e produtos para as festas de fim de ano, para evitar poss\u00edveis interrup\u00e7\u00f5es no transporte mar\u00edtimo. Esta mudan\u00e7a estrat\u00e9gica tem [&#8230;]\n","protected":false},"author":1,"featured_media":1737,"comment_status":"open","ping_status":"open","sticky":false,"template":"","format":"standard","meta":{"footnotes":""},"categories":[338,310,73],"tags":[681,680,683,682,90,679],"class_list":["post-1735","post","type-post","status-publish","format-standard","has-post-thumbnail","hentry","category-atualidades","category-cadeia-de-suprimentos","category-noticia","tag-cenario-economico","tag-comportamento-do-consumidor","tag-greve-portuaria","tag-riscos-e-incertezas","tag-transporte-maritimo","tag-varejo"],"yoast_head":"<!-- This site is optimized with the Yoast SEO plugin v26.7 - https:\/\/yoast.com\/wordpress\/plugins\/seo\/ -->\n<title>Medo de Greves nos EUA Faz Varejistas Acelerarem Importa\u00e7\u00f5es - Porthos International<\/title>\n<meta name=\"description\" content=\"O temor de greves nos EUA est\u00e1 levando\u00a0grandes varejistas\u00a0a acelerar suas importa\u00e7\u00f5es, causando uma revolu\u00e7\u00e3o na\u00a0cadeia de suprimentos global\" \/>\n<meta name=\"robots\" content=\"index, follow, max-snippet:-1, max-image-preview:large, max-video-preview:-1\" \/>\n<link rel=\"canonical\" href=\"https:\/\/porthosinternational.com.br\/blog\/medo-de-greves-nos-eua-faz-varejistas-acelerarem-importacoes\/\" \/>\n<meta property=\"og:locale\" content=\"pt_BR\" \/>\n<meta property=\"og:type\" content=\"article\" \/>\n<meta property=\"og:title\" content=\"Medo de Greves nos EUA Faz Varejistas Acelerarem Importa\u00e7\u00f5es - Porthos International\" \/>\n<meta property=\"og:description\" content=\"O temor de greves nos EUA est\u00e1 levando\u00a0grandes varejistas\u00a0a acelerar suas importa\u00e7\u00f5es, causando uma revolu\u00e7\u00e3o na\u00a0cadeia de suprimentos global\" \/>\n<meta property=\"og:url\" content=\"https:\/\/porthosinternational.com.br\/blog\/medo-de-greves-nos-eua-faz-varejistas-acelerarem-importacoes\/\" \/>\n<meta property=\"og:site_name\" content=\"Porthos International\" \/>\n<meta property=\"article:publisher\" content=\"https:\/\/www.facebook.com\/porthosint\" \/>\n<meta property=\"article:published_time\" content=\"2024-08-19T14:54:32+00:00\" \/>\n<meta property=\"article:modified_time\" content=\"2024-08-19T15:15:05+00:00\" \/>\n<meta property=\"og:image\" content=\"https:\/\/porthosinternational.com.br\/blog\/wp-content\/uploads\/2024\/08\/medo-de-greves-nos-eua-faz-varejistas-acelerarem-importacoes.jpg\" \/>\n\t<meta property=\"og:image:width\" content=\"1400\" \/>\n\t<meta property=\"og:image:height\" content=\"761\" \/>\n\t<meta property=\"og:image:type\" content=\"image\/jpeg\" \/>\n<meta name=\"author\" content=\"admin\" \/>\n<meta name=\"twitter:card\" content=\"summary_large_image\" \/>\n<meta name=\"twitter:label1\" content=\"Escrito por\" \/>\n\t<meta name=\"twitter:data1\" content=\"admin\" \/>\n\t<meta name=\"twitter:label2\" content=\"Est. tempo de leitura\" \/>\n\t<meta name=\"twitter:data2\" content=\"5 minutos\" \/>\n<script type=\"application\/ld+json\" class=\"yoast-schema-graph\">{\"@context\":\"https:\/\/schema.org\",\"@graph\":[{\"@type\":\"Article\",\"@id\":\"https:\/\/porthosinternational.com.br\/blog\/medo-de-greves-nos-eua-faz-varejistas-acelerarem-importacoes\/#article\",\"isPartOf\":{\"@id\":\"https:\/\/porthosinternational.com.br\/blog\/medo-de-greves-nos-eua-faz-varejistas-acelerarem-importacoes\/\"},\"author\":{\"name\":\"admin\",\"@id\":\"https:\/\/porthosinternational.com.br\/blog\/#\/schema\/person\/69a0d71e64cd7cfa58e8c598f5202830\"},\"headline\":\"Medo de Greves nos EUA Faz Varejistas Acelerarem Importa\u00e7\u00f5es\",\"datePublished\":\"2024-08-19T14:54:32+00:00\",\"dateModified\":\"2024-08-19T15:15:05+00:00\",\"mainEntityOfPage\":{\"@id\":\"https:\/\/porthosinternational.com.br\/blog\/medo-de-greves-nos-eua-faz-varejistas-acelerarem-importacoes\/\"},\"wordCount\":942,\"commentCount\":1,\"publisher\":{\"@id\":\"https:\/\/porthosinternational.com.br\/blog\/#organization\"},\"image\":{\"@id\":\"https:\/\/porthosinternational.com.br\/blog\/medo-de-greves-nos-eua-faz-varejistas-acelerarem-importacoes\/#primaryimage\"},\"thumbnailUrl\":\"https:\/\/porthosinternational.com.br\/blog\/wp-content\/uploads\/2024\/08\/medo-de-greves-nos-eua-faz-varejistas-acelerarem-importacoes.jpg\",\"keywords\":[\"Cen\u00e1rio Econ\u00f4mico\",\"Comportamento do Consumidor\",\"Greve Portu\u00e1ria\",\"Riscos e Incertezas\",\"transporte mar\u00edtimo\",\"Varejo\"],\"articleSection\":[\"Atualidades\",\"Cadeia de Suprimentos\",\"Not\u00edcia\"],\"inLanguage\":\"pt-BR\",\"potentialAction\":[{\"@type\":\"CommentAction\",\"name\":\"Comment\",\"target\":[\"https:\/\/porthosinternational.com.br\/blog\/medo-de-greves-nos-eua-faz-varejistas-acelerarem-importacoes\/#respond\"]}]},{\"@type\":\"WebPage\",\"@id\":\"https:\/\/porthosinternational.com.br\/blog\/medo-de-greves-nos-eua-faz-varejistas-acelerarem-importacoes\/\",\"url\":\"https:\/\/porthosinternational.com.br\/blog\/medo-de-greves-nos-eua-faz-varejistas-acelerarem-importacoes\/\",\"name\":\"Medo de Greves nos EUA Faz Varejistas Acelerarem Importa\u00e7\u00f5es - Porthos International\",\"isPartOf\":{\"@id\":\"https:\/\/porthosinternational.com.br\/blog\/#website\"},\"primaryImageOfPage\":{\"@id\":\"https:\/\/porthosinternational.com.br\/blog\/medo-de-greves-nos-eua-faz-varejistas-acelerarem-importacoes\/#primaryimage\"},\"image\":{\"@id\":\"https:\/\/porthosinternational.com.br\/blog\/medo-de-greves-nos-eua-faz-varejistas-acelerarem-importacoes\/#primaryimage\"},\"thumbnailUrl\":\"https:\/\/porthosinternational.com.br\/blog\/wp-content\/uploads\/2024\/08\/medo-de-greves-nos-eua-faz-varejistas-acelerarem-importacoes.jpg\",\"datePublished\":\"2024-08-19T14:54:32+00:00\",\"dateModified\":\"2024-08-19T15:15:05+00:00\",\"description\":\"O temor de greves nos EUA est\u00e1 levando\u00a0grandes varejistas\u00a0a acelerar suas importa\u00e7\u00f5es, causando uma revolu\u00e7\u00e3o na\u00a0cadeia de suprimentos global\",\"breadcrumb\":{\"@id\":\"https:\/\/porthosinternational.com.br\/blog\/medo-de-greves-nos-eua-faz-varejistas-acelerarem-importacoes\/#breadcrumb\"},\"inLanguage\":\"pt-BR\",\"potentialAction\":[{\"@type\":\"ReadAction\",\"target\":[\"https:\/\/porthosinternational.com.br\/blog\/medo-de-greves-nos-eua-faz-varejistas-acelerarem-importacoes\/\"]}]},{\"@type\":\"ImageObject\",\"inLanguage\":\"pt-BR\",\"@id\":\"https:\/\/porthosinternational.com.br\/blog\/medo-de-greves-nos-eua-faz-varejistas-acelerarem-importacoes\/#primaryimage\",\"url\":\"https:\/\/porthosinternational.com.br\/blog\/wp-content\/uploads\/2024\/08\/medo-de-greves-nos-eua-faz-varejistas-acelerarem-importacoes.jpg\",\"contentUrl\":\"https:\/\/porthosinternational.com.br\/blog\/wp-content\/uploads\/2024\/08\/medo-de-greves-nos-eua-faz-varejistas-acelerarem-importacoes.jpg\",\"width\":1400,\"height\":761,\"caption\":\"Medo de Greves nos EUA Faz Varejistas Acelerarem Importa\u00e7\u00f5es\"},{\"@type\":\"BreadcrumbList\",\"@id\":\"https:\/\/porthosinternational.com.br\/blog\/medo-de-greves-nos-eua-faz-varejistas-acelerarem-importacoes\/#breadcrumb\",\"itemListElement\":[{\"@type\":\"ListItem\",\"position\":1,\"name\":\"In\u00edcio\",\"item\":\"https:\/\/porthosinternational.com.br\/blog\/\"},{\"@type\":\"ListItem\",\"position\":2,\"name\":\"Medo de Greves nos EUA Faz Varejistas Acelerarem Importa\u00e7\u00f5es\"}]},{\"@type\":\"WebSite\",\"@id\":\"https:\/\/porthosinternational.com.br\/blog\/#website\",\"url\":\"https:\/\/porthosinternational.com.br\/blog\/\",\"name\":\"Porthos International\",\"description\":\"Presen\u00e7a Global\",\"publisher\":{\"@id\":\"https:\/\/porthosinternational.com.br\/blog\/#organization\"},\"potentialAction\":[{\"@type\":\"SearchAction\",\"target\":{\"@type\":\"EntryPoint\",\"urlTemplate\":\"https:\/\/porthosinternational.com.br\/blog\/?s={search_term_string}\"},\"query-input\":{\"@type\":\"PropertyValueSpecification\",\"valueRequired\":true,\"valueName\":\"search_term_string\"}}],\"inLanguage\":\"pt-BR\"},{\"@type\":\"Organization\",\"@id\":\"https:\/\/porthosinternational.com.br\/blog\/#organization\",\"name\":\"Porthos International\",\"url\":\"https:\/\/porthosinternational.com.br\/blog\/\",\"logo\":{\"@type\":\"ImageObject\",\"inLanguage\":\"pt-BR\",\"@id\":\"https:\/\/porthosinternational.com.br\/blog\/#\/schema\/logo\/image\/\",\"url\":\"https:\/\/porthosinternational.com.br\/blog\/wp-content\/uploads\/2020\/09\/logo.png\",\"contentUrl\":\"https:\/\/porthosinternational.com.br\/blog\/wp-content\/uploads\/2020\/09\/logo.png\",\"width\":1599,\"height\":603,\"caption\":\"Porthos International\"},\"image\":{\"@id\":\"https:\/\/porthosinternational.com.br\/blog\/#\/schema\/logo\/image\/\"},\"sameAs\":[\"https:\/\/www.facebook.com\/porthosint\",\"https:\/\/www.instagram.com\/porthosinternational\/\",\"https:\/\/www.linkedin.com\/in\/porthos-international-86511314a\/?originalSubdomain=br\"]},{\"@type\":\"Person\",\"@id\":\"https:\/\/porthosinternational.com.br\/blog\/#\/schema\/person\/69a0d71e64cd7cfa58e8c598f5202830\",\"name\":\"admin\",\"image\":{\"@type\":\"ImageObject\",\"inLanguage\":\"pt-BR\",\"@id\":\"https:\/\/porthosinternational.com.br\/blog\/#\/schema\/person\/image\/\",\"url\":\"https:\/\/secure.gravatar.com\/avatar\/e0195fd606268b086df58e69a257b907554e5171ec20358554a73eaf438754be?s=96&d=mm&r=g\",\"contentUrl\":\"https:\/\/secure.gravatar.com\/avatar\/e0195fd606268b086df58e69a257b907554e5171ec20358554a73eaf438754be?s=96&d=mm&r=g\",\"caption\":\"admin\"},\"sameAs\":[\"https:\/\/porthosinternational.com.br\/blog\"]}]}<\/script>\n<!-- \/ Yoast SEO plugin. -->","yoast_head_json":{"title":"Medo de Greves nos EUA Faz Varejistas Acelerarem Importa\u00e7\u00f5es - Porthos International","description":"O temor de greves nos EUA est\u00e1 levando\u00a0grandes varejistas\u00a0a acelerar suas importa\u00e7\u00f5es, causando uma revolu\u00e7\u00e3o na\u00a0cadeia de suprimentos global","robots":{"index":"index","follow":"follow","max-snippet":"max-snippet:-1","max-image-preview":"max-image-preview:large","max-video-preview":"max-video-preview:-1"},"canonical":"https:\/\/porthosinternational.com.br\/blog\/medo-de-greves-nos-eua-faz-varejistas-acelerarem-importacoes\/","og_locale":"pt_BR","og_type":"article","og_title":"Medo de Greves nos EUA Faz Varejistas Acelerarem Importa\u00e7\u00f5es - Porthos International","og_description":"O temor de greves nos EUA est\u00e1 levando\u00a0grandes varejistas\u00a0a acelerar suas importa\u00e7\u00f5es, causando uma revolu\u00e7\u00e3o na\u00a0cadeia de suprimentos global","og_url":"https:\/\/porthosinternational.com.br\/blog\/medo-de-greves-nos-eua-faz-varejistas-acelerarem-importacoes\/","og_site_name":"Porthos International","article_publisher":"https:\/\/www.facebook.com\/porthosint","article_published_time":"2024-08-19T14:54:32+00:00","article_modified_time":"2024-08-19T15:15:05+00:00","og_image":[{"width":1400,"height":761,"url":"https:\/\/porthosinternational.com.br\/blog\/wp-content\/uploads\/2024\/08\/medo-de-greves-nos-eua-faz-varejistas-acelerarem-importacoes.jpg","type":"image\/jpeg"}],"author":"admin","twitter_card":"summary_large_image","twitter_misc":{"Escrito por":"admin","Est. tempo de leitura":"5 minutos"},"schema":{"@context":"https:\/\/schema.org","@graph":[{"@type":"Article","@id":"https:\/\/porthosinternational.com.br\/blog\/medo-de-greves-nos-eua-faz-varejistas-acelerarem-importacoes\/#article","isPartOf":{"@id":"https:\/\/porthosinternational.com.br\/blog\/medo-de-greves-nos-eua-faz-varejistas-acelerarem-importacoes\/"},"author":{"name":"admin","@id":"https:\/\/porthosinternational.com.br\/blog\/#\/schema\/person\/69a0d71e64cd7cfa58e8c598f5202830"},"headline":"Medo de Greves nos EUA Faz Varejistas Acelerarem Importa\u00e7\u00f5es","datePublished":"2024-08-19T14:54:32+00:00","dateModified":"2024-08-19T15:15:05+00:00","mainEntityOfPage":{"@id":"https:\/\/porthosinternational.com.br\/blog\/medo-de-greves-nos-eua-faz-varejistas-acelerarem-importacoes\/"},"wordCount":942,"commentCount":1,"publisher":{"@id":"https:\/\/porthosinternational.com.br\/blog\/#organization"},"image":{"@id":"https:\/\/porthosinternational.com.br\/blog\/medo-de-greves-nos-eua-faz-varejistas-acelerarem-importacoes\/#primaryimage"},"thumbnailUrl":"https:\/\/porthosinternational.com.br\/blog\/wp-content\/uploads\/2024\/08\/medo-de-greves-nos-eua-faz-varejistas-acelerarem-importacoes.jpg","keywords":["Cen\u00e1rio Econ\u00f4mico","Comportamento do Consumidor","Greve Portu\u00e1ria","Riscos e Incertezas","transporte mar\u00edtimo","Varejo"],"articleSection":["Atualidades","Cadeia de Suprimentos","Not\u00edcia"],"inLanguage":"pt-BR","potentialAction":[{"@type":"CommentAction","name":"Comment","target":["https:\/\/porthosinternational.com.br\/blog\/medo-de-greves-nos-eua-faz-varejistas-acelerarem-importacoes\/#respond"]}]},{"@type":"WebPage","@id":"https:\/\/porthosinternational.com.br\/blog\/medo-de-greves-nos-eua-faz-varejistas-acelerarem-importacoes\/","url":"https:\/\/porthosinternational.com.br\/blog\/medo-de-greves-nos-eua-faz-varejistas-acelerarem-importacoes\/","name":"Medo de Greves nos EUA Faz Varejistas Acelerarem Importa\u00e7\u00f5es - Porthos International","isPartOf":{"@id":"https:\/\/porthosinternational.com.br\/blog\/#website"},"primaryImageOfPage":{"@id":"https:\/\/porthosinternational.com.br\/blog\/medo-de-greves-nos-eua-faz-varejistas-acelerarem-importacoes\/#primaryimage"},"image":{"@id":"https:\/\/porthosinternational.com.br\/blog\/medo-de-greves-nos-eua-faz-varejistas-acelerarem-importacoes\/#primaryimage"},"thumbnailUrl":"https:\/\/porthosinternational.com.br\/blog\/wp-content\/uploads\/2024\/08\/medo-de-greves-nos-eua-faz-varejistas-acelerarem-importacoes.jpg","datePublished":"2024-08-19T14:54:32+00:00","dateModified":"2024-08-19T15:15:05+00:00","description":"O temor de greves nos EUA est\u00e1 levando\u00a0grandes varejistas\u00a0a acelerar suas importa\u00e7\u00f5es, causando uma revolu\u00e7\u00e3o na\u00a0cadeia de suprimentos global","breadcrumb":{"@id":"https:\/\/porthosinternational.com.br\/blog\/medo-de-greves-nos-eua-faz-varejistas-acelerarem-importacoes\/#breadcrumb"},"inLanguage":"pt-BR","potentialAction":[{"@type":"ReadAction","target":["https:\/\/porthosinternational.com.br\/blog\/medo-de-greves-nos-eua-faz-varejistas-acelerarem-importacoes\/"]}]},{"@type":"ImageObject","inLanguage":"pt-BR","@id":"https:\/\/porthosinternational.com.br\/blog\/medo-de-greves-nos-eua-faz-varejistas-acelerarem-importacoes\/#primaryimage","url":"https:\/\/porthosinternational.com.br\/blog\/wp-content\/uploads\/2024\/08\/medo-de-greves-nos-eua-faz-varejistas-acelerarem-importacoes.jpg","contentUrl":"https:\/\/porthosinternational.com.br\/blog\/wp-content\/uploads\/2024\/08\/medo-de-greves-nos-eua-faz-varejistas-acelerarem-importacoes.jpg","width":1400,"height":761,"caption":"Medo de Greves nos EUA Faz Varejistas Acelerarem Importa\u00e7\u00f5es"},{"@type":"BreadcrumbList","@id":"https:\/\/porthosinternational.com.br\/blog\/medo-de-greves-nos-eua-faz-varejistas-acelerarem-importacoes\/#breadcrumb","itemListElement":[{"@type":"ListItem","position":1,"name":"In\u00edcio","item":"https:\/\/porthosinternational.com.br\/blog\/"},{"@type":"ListItem","position":2,"name":"Medo de Greves nos EUA Faz Varejistas Acelerarem Importa\u00e7\u00f5es"}]},{"@type":"WebSite","@id":"https:\/\/porthosinternational.com.br\/blog\/#website","url":"https:\/\/porthosinternational.com.br\/blog\/","name":"Porthos International","description":"Presen\u00e7a Global","publisher":{"@id":"https:\/\/porthosinternational.com.br\/blog\/#organization"},"potentialAction":[{"@type":"SearchAction","target":{"@type":"EntryPoint","urlTemplate":"https:\/\/porthosinternational.com.br\/blog\/?s={search_term_string}"},"query-input":{"@type":"PropertyValueSpecification","valueRequired":true,"valueName":"search_term_string"}}],"inLanguage":"pt-BR"},{"@type":"Organization","@id":"https:\/\/porthosinternational.com.br\/blog\/#organization","name":"Porthos International","url":"https:\/\/porthosinternational.com.br\/blog\/","logo":{"@type":"ImageObject","inLanguage":"pt-BR","@id":"https:\/\/porthosinternational.com.br\/blog\/#\/schema\/logo\/image\/","url":"https:\/\/porthosinternational.com.br\/blog\/wp-content\/uploads\/2020\/09\/logo.png","contentUrl":"https:\/\/porthosinternational.com.br\/blog\/wp-content\/uploads\/2020\/09\/logo.png","width":1599,"height":603,"caption":"Porthos International"},"image":{"@id":"https:\/\/porthosinternational.com.br\/blog\/#\/schema\/logo\/image\/"},"sameAs":["https:\/\/www.facebook.com\/porthosint","https:\/\/www.instagram.com\/porthosinternational\/","https:\/\/www.linkedin.com\/in\/porthos-international-86511314a\/?originalSubdomain=br"]},{"@type":"Person","@id":"https:\/\/porthosinternational.com.br\/blog\/#\/schema\/person\/69a0d71e64cd7cfa58e8c598f5202830","name":"admin","image":{"@type":"ImageObject","inLanguage":"pt-BR","@id":"https:\/\/porthosinternational.com.br\/blog\/#\/schema\/person\/image\/","url":"https:\/\/secure.gravatar.com\/avatar\/e0195fd606268b086df58e69a257b907554e5171ec20358554a73eaf438754be?s=96&d=mm&r=g","contentUrl":"https:\/\/secure.gravatar.com\/avatar\/e0195fd606268b086df58e69a257b907554e5171ec20358554a73eaf438754be?s=96&d=mm&r=g","caption":"admin"},"sameAs":["https:\/\/porthosinternational.com.br\/blog"]}]}},"_links":{"self":[{"href":"https:\/\/porthosinternational.com.br\/blog\/wp-json\/wp\/v2\/posts\/1735","targetHints":{"allow":["GET"]}}],"collection":[{"href":"https:\/\/porthosinternational.com.br\/blog\/wp-json\/wp\/v2\/posts"}],"about":[{"href":"https:\/\/porthosinternational.com.br\/blog\/wp-json\/wp\/v2\/types\/post"}],"author":[{"embeddable":true,"href":"https:\/\/porthosinternational.com.br\/blog\/wp-json\/wp\/v2\/users\/1"}],"replies":[{"embeddable":true,"href":"https:\/\/porthosinternational.com.br\/blog\/wp-json\/wp\/v2\/comments?post=1735"}],"version-history":[{"count":3,"href":"https:\/\/porthosinternational.com.br\/blog\/wp-json\/wp\/v2\/posts\/1735\/revisions"}],"predecessor-version":[{"id":1739,"href":"https:\/\/porthosinternational.com.br\/blog\/wp-json\/wp\/v2\/posts\/1735\/revisions\/1739"}],"wp:featuredmedia":[{"embeddable":true,"href":"https:\/\/porthosinternational.com.br\/blog\/wp-json\/wp\/v2\/media\/1737"}],"wp:attachment":[{"href":"https:\/\/porthosinternational.com.br\/blog\/wp-json\/wp\/v2\/media?parent=1735"}],"wp:term":[{"taxonomy":"category","embeddable":true,"href":"https:\/\/porthosinternational.com.br\/blog\/wp-json\/wp\/v2\/categories?post=1735"},{"taxonomy":"post_tag","embeddable":true,"href":"https:\/\/porthosinternational.com.br\/blog\/wp-json\/wp\/v2\/tags?post=1735"}],"curies":[{"name":"wp","href":"https:\/\/api.w.org\/{rel}","templated":true}]}}