{"id":1371,"date":"2023-10-06T16:26:24","date_gmt":"2023-10-06T19:26:24","guid":{"rendered":"https:\/\/porthosinternational.com.br\/blog\/?p=1371"},"modified":"2023-10-06T16:27:01","modified_gmt":"2023-10-06T19:27:01","slug":"o-acordo-mercosul-uniao-europeia-desvendando-seus-beneficios","status":"publish","type":"post","link":"https:\/\/porthosinternational.com.br\/blog\/o-acordo-mercosul-uniao-europeia-desvendando-seus-beneficios\/","title":{"rendered":"O Acordo MERCOSUL-Uni\u00e3o Europeia: Desvendando Seus Benef\u00edcios"},"content":{"rendered":"<p>Em um mundo onde o com\u00e9rcio internacional \u00e9 crucial para o crescimento econ\u00f4mico, os acordos comerciais desempenham um papel fundamental em estreitar la\u00e7os e criar oportunidades. Um dos acordos mais comentados dos \u00faltimos tempos \u00e9 o acordo entre o MERCOSUL (Mercado Comum do Sul) e a Uni\u00e3o Europeia (UE).<\/p>\n<p>&nbsp;<\/p>\n<p>O acordo entre MERCOSUL e Uni\u00e3o Europeia \u00e9 um marco not\u00e1vel nas rela\u00e7\u00f5es comerciais internacionais. Este pacto, em negocia\u00e7\u00e3o h\u00e1 mais de duas d\u00e9cadas, representa a uni\u00e3o de dois significativos blocos econ\u00f4micos.<\/p>\n<p>&nbsp;<\/p>\n<p>Neste artigo, vamos explorar os principais benef\u00edcios desse acordo para o com\u00e9rcio exterior.<\/p>\n<p>&nbsp;<\/p>\n<h2><strong style=\"color: #333333;\">Introdu\u00e7\u00e3o ao Acordo<\/strong><\/h2>\n<p>&nbsp;<\/p>\n<p>O acordo visa intensificar as rela\u00e7\u00f5es comerciais, promovendo uma redu\u00e7\u00e3o significativa nas tarifas de exporta\u00e7\u00e3o e importa\u00e7\u00e3o entre os pa\u00edses membros de ambos os blocos. Isso pode resultar em um aumento substancial nos volumes de com\u00e9rcio e investimento entre as regi\u00f5es.<\/p>\n<p>&nbsp;<\/p>\n<p>Al\u00e9m das implica\u00e7\u00f5es comerciais diretas, a parceria MERCOSUL-Uni\u00e3o Europeia pode ser vista como uma estrat\u00e9gia para fortalecer os la\u00e7os pol\u00edticos e socioecon\u00f4micos entre os dois lados do Atl\u00e2ntico. Esta coopera\u00e7\u00e3o se estende al\u00e9m do com\u00e9rcio, englobando \u00e1reas como sustentabilidade, direitos humanos e combate \u00e0s mudan\u00e7as clim\u00e1ticas.<\/p>\n<p>&nbsp;<\/p>\n<h2><strong style=\"color: #333333;\">Benef\u00edcios Econ\u00f4micos<\/strong><\/h2>\n<p>&nbsp;<\/p>\n<p>O Acordo MERCOSUL-Uni\u00e3o Europeia, firmado entre dois proeminentes blocos econ\u00f4micos, promete trazer consider\u00e1veis benef\u00edcios econ\u00f4micos para ambos os lados. Aqui, desvendamos alguns desses benef\u00edcios:<\/p>\n<p>&nbsp;<\/p>\n<p><strong>Redu\u00e7\u00e3o Tarif\u00e1ria<\/strong>: O entendimento entre as regi\u00f5es prev\u00ea uma significativa reorganiza\u00e7\u00e3o tarif\u00e1ria, tornando os produtos agropecu\u00e1rios e industriais mais acess\u00edveis. Essa reestrutura\u00e7\u00e3o pode baratear diversos produtos, estimulando a competi\u00e7\u00e3o e beneficiando os consumidores finais.<\/p>\n<p>&nbsp;<\/p>\n<p><strong>Est\u00edmulo ao Com\u00e9rcio<\/strong>: Com a elimina\u00e7\u00e3o ou diminui\u00e7\u00e3o das barreiras comerciais, espera-se que haja um aumento expressivo no volume de trocas entre os blocos, impulsionando o com\u00e9rcio e gerando novas oportunidades de neg\u00f3cios.<\/p>\n<p>&nbsp;<\/p>\n<p><strong>Crescimento Econ\u00f4mico<\/strong>: O tratado tem o potencial de n\u00e3o apenas fortalecer os la\u00e7os comerciais, mas tamb\u00e9m de estimular o crescimento econ\u00f4mico nos pa\u00edses membros, gra\u00e7as \u00e0 expans\u00e3o das atividades comerciais e ao influxo de investimentos.<\/p>\n<p>&nbsp;<\/p>\n<p><strong>Benef\u00edcios de Longo Prazo<\/strong>: Al\u00e9m dos benef\u00edcios imediatos, o acordo birregional antecipa vantagens econ\u00f4mico-comerciais e pol\u00edtico-institucionais que poder\u00e3o ser sentidas a m\u00e9dio e longo prazo[2].<\/p>\n<p>&nbsp;<\/p>\n<p>Este acordo representa uma janela de oportunidades para as empresas e cidad\u00e3os dos pa\u00edses membros, preparando o terreno para uma nova era de coopera\u00e7\u00e3o e prosperidade econ\u00f4mica.<\/p>\n<p>&nbsp;<\/p>\n<h2><strong style=\"color: #333333;\">Fortalecimento das Rela\u00e7\u00f5es Diplom\u00e1ticas<\/strong><\/h2>\n<p>&nbsp;<\/p>\n<p>O Acordo MERCOSUL-Uni\u00e3o Europeia n\u00e3o apenas visa refor\u00e7ar os la\u00e7os econ\u00f4micos, mas tamb\u00e9m aponta para uma consolida\u00e7\u00e3o diplom\u00e1tica entre as duas regi\u00f5es. E ao desvendar os benef\u00edcios deste acordo, \u00e9 imposs\u00edvel ignorar seu impacto no cen\u00e1rio diplom\u00e1tico global.<\/p>\n<p>&nbsp;<\/p>\n<p><strong>Ponte Entre Culturas<\/strong>: A aproxima\u00e7\u00e3o do MERCOSUL e da Uni\u00e3o Europeia representa a uni\u00e3o de culturas e hist\u00f3rias distintas, promovendo o entendimento m\u00fatuo e a valoriza\u00e7\u00e3o da diversidade, fundamental em um mundo globalizado.<\/p>\n<p>&nbsp;<\/p>\n<p><strong>Harmoniza\u00e7\u00e3o das Pol\u00edticas<\/strong>: Ao estabelecer bases comuns para o com\u00e9rcio, meio ambiente, direitos humanos e outras \u00e1reas, o acordo incentiva a converg\u00eancia de pol\u00edticas, ajudando na constru\u00e7\u00e3o de um consenso entre os pa\u00edses membros.<\/p>\n<p>&nbsp;<\/p>\n<p><strong>Promo\u00e7\u00e3o da Paz e Estabilidade<\/strong>: Ao aprofundar os la\u00e7os diplom\u00e1ticos e comerciais, as chances de conflitos e mal-entendidos diminuem. A colabora\u00e7\u00e3o pac\u00edfica se torna uma prioridade, levando a uma estabilidade regional e global.<\/p>\n<p>&nbsp;<\/p>\n<p><strong>Plataforma de Colabora\u00e7\u00e3o Internacional<\/strong>: O acordo pode servir como trampolim para iniciativas conjuntas em foros internacionais e organiza\u00e7\u00f5es multilaterais, ampliando a voz e a influ\u00eancia de ambas as regi\u00f5es no cen\u00e1rio mundial.<\/p>\n<p>&nbsp;<\/p>\n<p><strong>Resposta a Desafios Globais<\/strong>: Em um mundo que enfrenta desafios globais, como mudan\u00e7as clim\u00e1ticas e crises sanit\u00e1rias, a coopera\u00e7\u00e3o estreita entre MERCOSUL e Uni\u00e3o Europeia pode levar a solu\u00e7\u00f5es mais eficazes e coordenadas.<\/p>\n<p>&nbsp;<\/p>\n<p><strong>Renova\u00e7\u00e3o de Compromissos Democr\u00e1ticos<\/strong>: O acordo ressalta os valores democr\u00e1ticos e o respeito aos direitos humanos, fortalecendo os compromissos de ambas as partes em manter e promover esses princ\u00edpios.<\/p>\n<p>&nbsp;<\/p>\n<p>Em suma, o Acordo MERCOSUL-Uni\u00e3o Europeia simboliza uma renovada parceria diplom\u00e1tica que, embora tenha suas ra\u00edzes no com\u00e9rcio, transcende os limites econ\u00f4micos e sinaliza um futuro de coopera\u00e7\u00e3o, entendimento e respeito m\u00fatuos.<\/p>\n<p><strong>\u00a0<\/strong><\/p>\n<p><strong style=\"font-size: 23.04px; color: #333333;\">Sustentabilidade e Responsabilidade<\/strong><\/p>\n<p>&nbsp;<\/p>\n<p>O acordo tamb\u00e9m enfatiza a import\u00e2ncia do desenvolvimento sustent\u00e1vel, abordando quest\u00f5es como mudan\u00e7a clim\u00e1tica, desenvolvimento econ\u00f4mico sustent\u00e1vel e direitos humanos. Isso significa que o com\u00e9rcio entre os blocos n\u00e3o s\u00f3 ser\u00e1 lucrativo, mas tamb\u00e9m respons\u00e1vel.<\/p>\n<p>&nbsp;<\/p>\n<h3><strong style=\"color: #333333;\">Conclus\u00e3o<\/strong><\/h3>\n<p>&nbsp;<\/p>\n<p>O acordo MERCOSUL-UE, quando totalmente implementado, tem o potencial de transformar radicalmente as rela\u00e7\u00f5es comerciais entre Am\u00e9rica do Sul e Europa. Para empresas envolvidas no com\u00e9rcio internacional, como a <a href=\"https:\/\/porthosinternational.com.br\/\">Porthos International<\/a>, este \u00e9 um momento de oportunidades inigual\u00e1veis.<\/p>\n<p>&nbsp;<\/p>\n<p><strong>\ud83c\udf10<\/strong><strong> Fontes<\/strong><\/p>\n<ul>\n<li><a href=\"https:\/\/www.gov.br\/economia\/pt-br\/acesso-a-informacao\/acoes-e-programas\/comercio-exterior\/negociacoes-internacionais\/conteudo-de-acordos-comerciais\/acordo-mercosul-ue\">Minist\u00e9rio da Economia &#8211; Acordo MERCOSUL-UE<\/a><\/li>\n<li><a href=\"https:\/\/eeas.europa.eu\/headquarters\/headquarters-homepage\/110\/mercosul-and-eu_pt\">Uni\u00e3o Europeia &#8211; Acordos de Associa\u00e7\u00e3o com Pa\u00edses e Regi\u00f5es<\/a><\/li>\n<li><a href=\"https:\/\/www.wto.org\/spanish\/thewto_s\/countries_s\/mercosur_e.htm\">Organiza\u00e7\u00e3o Mundial do Com\u00e9rcio &#8211; Perfil do MERCOSUL<\/a><\/li>\n<\/ul>\n","protected":false},"excerpt":{"rendered":"<p>Em um mundo onde o com\u00e9rcio internacional \u00e9 crucial para o crescimento econ\u00f4mico, os acordos comerciais desempenham um papel fundamental em estreitar la\u00e7os e criar oportunidades. Um dos acordos mais comentados dos \u00faltimos tempos \u00e9 o acordo entre o MERCOSUL (Mercado Comum do Sul) e a Uni\u00e3o Europeia (UE). &nbsp; O acordo entre MERCOSUL e [&#8230;]\n","protected":false},"author":1,"featured_media":1372,"comment_status":"open","ping_status":"open","sticky":false,"template":"","format":"standard","meta":{"footnotes":""},"categories":[307,306,73],"tags":[345,344,346,343],"class_list":["post-1371","post","type-post","status-publish","format-standard","has-post-thumbnail","hentry","category-comercio-internacional","category-economia","category-noticia","tag-acordo","tag-mercosul","tag-relacoes-diplomaticas","tag-uniao-europeia"],"yoast_head":"<!-- This site is optimized with the Yoast SEO plugin v26.7 - https:\/\/yoast.com\/wordpress\/plugins\/seo\/ -->\n<title>O Acordo MERCOSUL-Uni\u00e3o Europeia: Veja Seus Benef\u00edcios<\/title>\n<meta name=\"description\" content=\"Um dos acordos mais comentados dos \u00faltimos tempos \u00e9 o acordo entre o MERCOSUL (Mercado Comum do Sul) e a Uni\u00e3o Europeia (UE).\" \/>\n<meta name=\"robots\" content=\"index, follow, max-snippet:-1, max-image-preview:large, max-video-preview:-1\" \/>\n<link rel=\"canonical\" href=\"https:\/\/porthosinternational.com.br\/blog\/o-acordo-mercosul-uniao-europeia-desvendando-seus-beneficios\/\" \/>\n<meta property=\"og:locale\" content=\"pt_BR\" \/>\n<meta property=\"og:type\" content=\"article\" \/>\n<meta property=\"og:title\" content=\"O Acordo MERCOSUL-Uni\u00e3o Europeia: Veja Seus Benef\u00edcios\" \/>\n<meta property=\"og:description\" content=\"Um dos acordos mais comentados dos \u00faltimos tempos \u00e9 o acordo entre o MERCOSUL (Mercado Comum do Sul) e a Uni\u00e3o Europeia (UE).\" \/>\n<meta property=\"og:url\" content=\"https:\/\/porthosinternational.com.br\/blog\/o-acordo-mercosul-uniao-europeia-desvendando-seus-beneficios\/\" \/>\n<meta property=\"og:site_name\" content=\"Porthos International\" \/>\n<meta property=\"article:publisher\" content=\"https:\/\/www.facebook.com\/porthosint\" \/>\n<meta property=\"article:published_time\" content=\"2023-10-06T19:26:24+00:00\" \/>\n<meta property=\"article:modified_time\" content=\"2023-10-06T19:27:01+00:00\" \/>\n<meta property=\"og:image\" content=\"https:\/\/porthosinternational.com.br\/blog\/wp-content\/uploads\/2023\/10\/Mercosul.jpg\" \/>\n\t<meta property=\"og:image:width\" content=\"1400\" \/>\n\t<meta property=\"og:image:height\" content=\"761\" \/>\n\t<meta property=\"og:image:type\" content=\"image\/jpeg\" \/>\n<meta name=\"author\" content=\"admin\" \/>\n<meta name=\"twitter:card\" content=\"summary_large_image\" \/>\n<meta name=\"twitter:label1\" content=\"Escrito por\" \/>\n\t<meta name=\"twitter:data1\" content=\"admin\" \/>\n\t<meta name=\"twitter:label2\" content=\"Est. tempo de leitura\" \/>\n\t<meta name=\"twitter:data2\" content=\"5 minutos\" \/>\n<script type=\"application\/ld+json\" class=\"yoast-schema-graph\">{\"@context\":\"https:\/\/schema.org\",\"@graph\":[{\"@type\":\"Article\",\"@id\":\"https:\/\/porthosinternational.com.br\/blog\/o-acordo-mercosul-uniao-europeia-desvendando-seus-beneficios\/#article\",\"isPartOf\":{\"@id\":\"https:\/\/porthosinternational.com.br\/blog\/o-acordo-mercosul-uniao-europeia-desvendando-seus-beneficios\/\"},\"author\":{\"name\":\"admin\",\"@id\":\"https:\/\/porthosinternational.com.br\/blog\/#\/schema\/person\/69a0d71e64cd7cfa58e8c598f5202830\"},\"headline\":\"O Acordo MERCOSUL-Uni\u00e3o Europeia: Desvendando Seus Benef\u00edcios\",\"datePublished\":\"2023-10-06T19:26:24+00:00\",\"dateModified\":\"2023-10-06T19:27:01+00:00\",\"mainEntityOfPage\":{\"@id\":\"https:\/\/porthosinternational.com.br\/blog\/o-acordo-mercosul-uniao-europeia-desvendando-seus-beneficios\/\"},\"wordCount\":917,\"commentCount\":1,\"publisher\":{\"@id\":\"https:\/\/porthosinternational.com.br\/blog\/#organization\"},\"image\":{\"@id\":\"https:\/\/porthosinternational.com.br\/blog\/o-acordo-mercosul-uniao-europeia-desvendando-seus-beneficios\/#primaryimage\"},\"thumbnailUrl\":\"https:\/\/porthosinternational.com.br\/blog\/wp-content\/uploads\/2023\/10\/Mercosul.jpg\",\"keywords\":[\"Acordo\",\"MERCOSUL\",\"Rela\u00e7\u00f5es Diplom\u00e1ticas\",\"Uni\u00e3o Europeia\"],\"articleSection\":[\"Com\u00e9rcio Internacional\",\"Economia\",\"Not\u00edcia\"],\"inLanguage\":\"pt-BR\",\"potentialAction\":[{\"@type\":\"CommentAction\",\"name\":\"Comment\",\"target\":[\"https:\/\/porthosinternational.com.br\/blog\/o-acordo-mercosul-uniao-europeia-desvendando-seus-beneficios\/#respond\"]}]},{\"@type\":\"WebPage\",\"@id\":\"https:\/\/porthosinternational.com.br\/blog\/o-acordo-mercosul-uniao-europeia-desvendando-seus-beneficios\/\",\"url\":\"https:\/\/porthosinternational.com.br\/blog\/o-acordo-mercosul-uniao-europeia-desvendando-seus-beneficios\/\",\"name\":\"O Acordo MERCOSUL-Uni\u00e3o Europeia: Veja Seus Benef\u00edcios\",\"isPartOf\":{\"@id\":\"https:\/\/porthosinternational.com.br\/blog\/#website\"},\"primaryImageOfPage\":{\"@id\":\"https:\/\/porthosinternational.com.br\/blog\/o-acordo-mercosul-uniao-europeia-desvendando-seus-beneficios\/#primaryimage\"},\"image\":{\"@id\":\"https:\/\/porthosinternational.com.br\/blog\/o-acordo-mercosul-uniao-europeia-desvendando-seus-beneficios\/#primaryimage\"},\"thumbnailUrl\":\"https:\/\/porthosinternational.com.br\/blog\/wp-content\/uploads\/2023\/10\/Mercosul.jpg\",\"datePublished\":\"2023-10-06T19:26:24+00:00\",\"dateModified\":\"2023-10-06T19:27:01+00:00\",\"description\":\"Um dos acordos mais comentados dos \u00faltimos tempos \u00e9 o acordo entre o MERCOSUL (Mercado Comum do Sul) e a Uni\u00e3o Europeia (UE).\",\"breadcrumb\":{\"@id\":\"https:\/\/porthosinternational.com.br\/blog\/o-acordo-mercosul-uniao-europeia-desvendando-seus-beneficios\/#breadcrumb\"},\"inLanguage\":\"pt-BR\",\"potentialAction\":[{\"@type\":\"ReadAction\",\"target\":[\"https:\/\/porthosinternational.com.br\/blog\/o-acordo-mercosul-uniao-europeia-desvendando-seus-beneficios\/\"]}]},{\"@type\":\"ImageObject\",\"inLanguage\":\"pt-BR\",\"@id\":\"https:\/\/porthosinternational.com.br\/blog\/o-acordo-mercosul-uniao-europeia-desvendando-seus-beneficios\/#primaryimage\",\"url\":\"https:\/\/porthosinternational.com.br\/blog\/wp-content\/uploads\/2023\/10\/Mercosul.jpg\",\"contentUrl\":\"https:\/\/porthosinternational.com.br\/blog\/wp-content\/uploads\/2023\/10\/Mercosul.jpg\",\"width\":1400,\"height\":761,\"caption\":\"O Acordo MERCOSUL-Uni\u00e3o Europeia: Desvendando Seus Benef\u00edcios\"},{\"@type\":\"BreadcrumbList\",\"@id\":\"https:\/\/porthosinternational.com.br\/blog\/o-acordo-mercosul-uniao-europeia-desvendando-seus-beneficios\/#breadcrumb\",\"itemListElement\":[{\"@type\":\"ListItem\",\"position\":1,\"name\":\"In\u00edcio\",\"item\":\"https:\/\/porthosinternational.com.br\/blog\/\"},{\"@type\":\"ListItem\",\"position\":2,\"name\":\"O Acordo MERCOSUL-Uni\u00e3o Europeia: Desvendando Seus Benef\u00edcios\"}]},{\"@type\":\"WebSite\",\"@id\":\"https:\/\/porthosinternational.com.br\/blog\/#website\",\"url\":\"https:\/\/porthosinternational.com.br\/blog\/\",\"name\":\"Porthos International\",\"description\":\"Presen\u00e7a Global\",\"publisher\":{\"@id\":\"https:\/\/porthosinternational.com.br\/blog\/#organization\"},\"potentialAction\":[{\"@type\":\"SearchAction\",\"target\":{\"@type\":\"EntryPoint\",\"urlTemplate\":\"https:\/\/porthosinternational.com.br\/blog\/?s={search_term_string}\"},\"query-input\":{\"@type\":\"PropertyValueSpecification\",\"valueRequired\":true,\"valueName\":\"search_term_string\"}}],\"inLanguage\":\"pt-BR\"},{\"@type\":\"Organization\",\"@id\":\"https:\/\/porthosinternational.com.br\/blog\/#organization\",\"name\":\"Porthos International\",\"url\":\"https:\/\/porthosinternational.com.br\/blog\/\",\"logo\":{\"@type\":\"ImageObject\",\"inLanguage\":\"pt-BR\",\"@id\":\"https:\/\/porthosinternational.com.br\/blog\/#\/schema\/logo\/image\/\",\"url\":\"https:\/\/porthosinternational.com.br\/blog\/wp-content\/uploads\/2020\/09\/logo.png\",\"contentUrl\":\"https:\/\/porthosinternational.com.br\/blog\/wp-content\/uploads\/2020\/09\/logo.png\",\"width\":1599,\"height\":603,\"caption\":\"Porthos International\"},\"image\":{\"@id\":\"https:\/\/porthosinternational.com.br\/blog\/#\/schema\/logo\/image\/\"},\"sameAs\":[\"https:\/\/www.facebook.com\/porthosint\",\"https:\/\/www.instagram.com\/porthosinternational\/\",\"https:\/\/www.linkedin.com\/in\/porthos-international-86511314a\/?originalSubdomain=br\"]},{\"@type\":\"Person\",\"@id\":\"https:\/\/porthosinternational.com.br\/blog\/#\/schema\/person\/69a0d71e64cd7cfa58e8c598f5202830\",\"name\":\"admin\",\"image\":{\"@type\":\"ImageObject\",\"inLanguage\":\"pt-BR\",\"@id\":\"https:\/\/porthosinternational.com.br\/blog\/#\/schema\/person\/image\/\",\"url\":\"https:\/\/secure.gravatar.com\/avatar\/e0195fd606268b086df58e69a257b907554e5171ec20358554a73eaf438754be?s=96&d=mm&r=g\",\"contentUrl\":\"https:\/\/secure.gravatar.com\/avatar\/e0195fd606268b086df58e69a257b907554e5171ec20358554a73eaf438754be?s=96&d=mm&r=g\",\"caption\":\"admin\"},\"sameAs\":[\"https:\/\/porthosinternational.com.br\/blog\"]}]}<\/script>\n<!-- \/ Yoast SEO plugin. -->","yoast_head_json":{"title":"O Acordo MERCOSUL-Uni\u00e3o Europeia: Veja Seus Benef\u00edcios","description":"Um dos acordos mais comentados dos \u00faltimos tempos \u00e9 o acordo entre o MERCOSUL (Mercado Comum do Sul) e a Uni\u00e3o Europeia (UE).","robots":{"index":"index","follow":"follow","max-snippet":"max-snippet:-1","max-image-preview":"max-image-preview:large","max-video-preview":"max-video-preview:-1"},"canonical":"https:\/\/porthosinternational.com.br\/blog\/o-acordo-mercosul-uniao-europeia-desvendando-seus-beneficios\/","og_locale":"pt_BR","og_type":"article","og_title":"O Acordo MERCOSUL-Uni\u00e3o Europeia: Veja Seus Benef\u00edcios","og_description":"Um dos acordos mais comentados dos \u00faltimos tempos \u00e9 o acordo entre o MERCOSUL (Mercado Comum do Sul) e a Uni\u00e3o Europeia (UE).","og_url":"https:\/\/porthosinternational.com.br\/blog\/o-acordo-mercosul-uniao-europeia-desvendando-seus-beneficios\/","og_site_name":"Porthos International","article_publisher":"https:\/\/www.facebook.com\/porthosint","article_published_time":"2023-10-06T19:26:24+00:00","article_modified_time":"2023-10-06T19:27:01+00:00","og_image":[{"width":1400,"height":761,"url":"https:\/\/porthosinternational.com.br\/blog\/wp-content\/uploads\/2023\/10\/Mercosul.jpg","type":"image\/jpeg"}],"author":"admin","twitter_card":"summary_large_image","twitter_misc":{"Escrito por":"admin","Est. tempo de leitura":"5 minutos"},"schema":{"@context":"https:\/\/schema.org","@graph":[{"@type":"Article","@id":"https:\/\/porthosinternational.com.br\/blog\/o-acordo-mercosul-uniao-europeia-desvendando-seus-beneficios\/#article","isPartOf":{"@id":"https:\/\/porthosinternational.com.br\/blog\/o-acordo-mercosul-uniao-europeia-desvendando-seus-beneficios\/"},"author":{"name":"admin","@id":"https:\/\/porthosinternational.com.br\/blog\/#\/schema\/person\/69a0d71e64cd7cfa58e8c598f5202830"},"headline":"O Acordo MERCOSUL-Uni\u00e3o Europeia: Desvendando Seus Benef\u00edcios","datePublished":"2023-10-06T19:26:24+00:00","dateModified":"2023-10-06T19:27:01+00:00","mainEntityOfPage":{"@id":"https:\/\/porthosinternational.com.br\/blog\/o-acordo-mercosul-uniao-europeia-desvendando-seus-beneficios\/"},"wordCount":917,"commentCount":1,"publisher":{"@id":"https:\/\/porthosinternational.com.br\/blog\/#organization"},"image":{"@id":"https:\/\/porthosinternational.com.br\/blog\/o-acordo-mercosul-uniao-europeia-desvendando-seus-beneficios\/#primaryimage"},"thumbnailUrl":"https:\/\/porthosinternational.com.br\/blog\/wp-content\/uploads\/2023\/10\/Mercosul.jpg","keywords":["Acordo","MERCOSUL","Rela\u00e7\u00f5es Diplom\u00e1ticas","Uni\u00e3o Europeia"],"articleSection":["Com\u00e9rcio Internacional","Economia","Not\u00edcia"],"inLanguage":"pt-BR","potentialAction":[{"@type":"CommentAction","name":"Comment","target":["https:\/\/porthosinternational.com.br\/blog\/o-acordo-mercosul-uniao-europeia-desvendando-seus-beneficios\/#respond"]}]},{"@type":"WebPage","@id":"https:\/\/porthosinternational.com.br\/blog\/o-acordo-mercosul-uniao-europeia-desvendando-seus-beneficios\/","url":"https:\/\/porthosinternational.com.br\/blog\/o-acordo-mercosul-uniao-europeia-desvendando-seus-beneficios\/","name":"O Acordo MERCOSUL-Uni\u00e3o Europeia: Veja Seus Benef\u00edcios","isPartOf":{"@id":"https:\/\/porthosinternational.com.br\/blog\/#website"},"primaryImageOfPage":{"@id":"https:\/\/porthosinternational.com.br\/blog\/o-acordo-mercosul-uniao-europeia-desvendando-seus-beneficios\/#primaryimage"},"image":{"@id":"https:\/\/porthosinternational.com.br\/blog\/o-acordo-mercosul-uniao-europeia-desvendando-seus-beneficios\/#primaryimage"},"thumbnailUrl":"https:\/\/porthosinternational.com.br\/blog\/wp-content\/uploads\/2023\/10\/Mercosul.jpg","datePublished":"2023-10-06T19:26:24+00:00","dateModified":"2023-10-06T19:27:01+00:00","description":"Um dos acordos mais comentados dos \u00faltimos tempos \u00e9 o acordo entre o MERCOSUL (Mercado Comum do Sul) e a Uni\u00e3o Europeia (UE).","breadcrumb":{"@id":"https:\/\/porthosinternational.com.br\/blog\/o-acordo-mercosul-uniao-europeia-desvendando-seus-beneficios\/#breadcrumb"},"inLanguage":"pt-BR","potentialAction":[{"@type":"ReadAction","target":["https:\/\/porthosinternational.com.br\/blog\/o-acordo-mercosul-uniao-europeia-desvendando-seus-beneficios\/"]}]},{"@type":"ImageObject","inLanguage":"pt-BR","@id":"https:\/\/porthosinternational.com.br\/blog\/o-acordo-mercosul-uniao-europeia-desvendando-seus-beneficios\/#primaryimage","url":"https:\/\/porthosinternational.com.br\/blog\/wp-content\/uploads\/2023\/10\/Mercosul.jpg","contentUrl":"https:\/\/porthosinternational.com.br\/blog\/wp-content\/uploads\/2023\/10\/Mercosul.jpg","width":1400,"height":761,"caption":"O Acordo MERCOSUL-Uni\u00e3o Europeia: Desvendando Seus Benef\u00edcios"},{"@type":"BreadcrumbList","@id":"https:\/\/porthosinternational.com.br\/blog\/o-acordo-mercosul-uniao-europeia-desvendando-seus-beneficios\/#breadcrumb","itemListElement":[{"@type":"ListItem","position":1,"name":"In\u00edcio","item":"https:\/\/porthosinternational.com.br\/blog\/"},{"@type":"ListItem","position":2,"name":"O Acordo MERCOSUL-Uni\u00e3o Europeia: Desvendando Seus Benef\u00edcios"}]},{"@type":"WebSite","@id":"https:\/\/porthosinternational.com.br\/blog\/#website","url":"https:\/\/porthosinternational.com.br\/blog\/","name":"Porthos International","description":"Presen\u00e7a Global","publisher":{"@id":"https:\/\/porthosinternational.com.br\/blog\/#organization"},"potentialAction":[{"@type":"SearchAction","target":{"@type":"EntryPoint","urlTemplate":"https:\/\/porthosinternational.com.br\/blog\/?s={search_term_string}"},"query-input":{"@type":"PropertyValueSpecification","valueRequired":true,"valueName":"search_term_string"}}],"inLanguage":"pt-BR"},{"@type":"Organization","@id":"https:\/\/porthosinternational.com.br\/blog\/#organization","name":"Porthos International","url":"https:\/\/porthosinternational.com.br\/blog\/","logo":{"@type":"ImageObject","inLanguage":"pt-BR","@id":"https:\/\/porthosinternational.com.br\/blog\/#\/schema\/logo\/image\/","url":"https:\/\/porthosinternational.com.br\/blog\/wp-content\/uploads\/2020\/09\/logo.png","contentUrl":"https:\/\/porthosinternational.com.br\/blog\/wp-content\/uploads\/2020\/09\/logo.png","width":1599,"height":603,"caption":"Porthos International"},"image":{"@id":"https:\/\/porthosinternational.com.br\/blog\/#\/schema\/logo\/image\/"},"sameAs":["https:\/\/www.facebook.com\/porthosint","https:\/\/www.instagram.com\/porthosinternational\/","https:\/\/www.linkedin.com\/in\/porthos-international-86511314a\/?originalSubdomain=br"]},{"@type":"Person","@id":"https:\/\/porthosinternational.com.br\/blog\/#\/schema\/person\/69a0d71e64cd7cfa58e8c598f5202830","name":"admin","image":{"@type":"ImageObject","inLanguage":"pt-BR","@id":"https:\/\/porthosinternational.com.br\/blog\/#\/schema\/person\/image\/","url":"https:\/\/secure.gravatar.com\/avatar\/e0195fd606268b086df58e69a257b907554e5171ec20358554a73eaf438754be?s=96&d=mm&r=g","contentUrl":"https:\/\/secure.gravatar.com\/avatar\/e0195fd606268b086df58e69a257b907554e5171ec20358554a73eaf438754be?s=96&d=mm&r=g","caption":"admin"},"sameAs":["https:\/\/porthosinternational.com.br\/blog"]}]}},"_links":{"self":[{"href":"https:\/\/porthosinternational.com.br\/blog\/wp-json\/wp\/v2\/posts\/1371","targetHints":{"allow":["GET"]}}],"collection":[{"href":"https:\/\/porthosinternational.com.br\/blog\/wp-json\/wp\/v2\/posts"}],"about":[{"href":"https:\/\/porthosinternational.com.br\/blog\/wp-json\/wp\/v2\/types\/post"}],"author":[{"embeddable":true,"href":"https:\/\/porthosinternational.com.br\/blog\/wp-json\/wp\/v2\/users\/1"}],"replies":[{"embeddable":true,"href":"https:\/\/porthosinternational.com.br\/blog\/wp-json\/wp\/v2\/comments?post=1371"}],"version-history":[{"count":2,"href":"https:\/\/porthosinternational.com.br\/blog\/wp-json\/wp\/v2\/posts\/1371\/revisions"}],"predecessor-version":[{"id":1374,"href":"https:\/\/porthosinternational.com.br\/blog\/wp-json\/wp\/v2\/posts\/1371\/revisions\/1374"}],"wp:featuredmedia":[{"embeddable":true,"href":"https:\/\/porthosinternational.com.br\/blog\/wp-json\/wp\/v2\/media\/1372"}],"wp:attachment":[{"href":"https:\/\/porthosinternational.com.br\/blog\/wp-json\/wp\/v2\/media?parent=1371"}],"wp:term":[{"taxonomy":"category","embeddable":true,"href":"https:\/\/porthosinternational.com.br\/blog\/wp-json\/wp\/v2\/categories?post=1371"},{"taxonomy":"post_tag","embeddable":true,"href":"https:\/\/porthosinternational.com.br\/blog\/wp-json\/wp\/v2\/tags?post=1371"}],"curies":[{"name":"wp","href":"https:\/\/api.w.org\/{rel}","templated":true}]}}